[{"@context":"https:\/\/schema.org\/","@type":"Article","@id":"https:\/\/www.reccr.cz\/zacina-sezona\/#Article","mainEntityOfPage":"https:\/\/www.reccr.cz\/zacina-sezona\/","headline":"Za\u010d\u00edn\u00e1 sez\u00f3na","name":"Za\u010d\u00edn\u00e1 sez\u00f3na","description":"Za\u010d\u00edn\u00e1 sez\u00f3na, kdy za\u010dneme vytahovat porcel\u00e1nov\u00e9 dekorace na na\u0161e zahrady, s\u00e1zet kv\u011btiny, nebo budeme \u010dekat, a\u017e vystr\u010d\u00ed pomalu ale jist\u011b \u0161pi\u010dky kv\u011btinky, kter\u00e9 jsme v lo\u0148sk\u00e9m roce zasadili. V\u0161echno rozkv\u00e9t\u00e1,&hellip;<a href=\"https:\/\/www.reccr.cz\/zacina-sezona\/\" class=\"more-link\"><span class=\"more-button\">P\u0159e\u010d\u00edst<span class=\"screen-reader-text\">Za\u010d\u00edn\u00e1 sez\u00f3na<\/span><\/span><\/a>","datePublished":"2023-03-17","dateModified":"2024-04-30","author":{"@type":"Person","@id":"https:\/\/www.reccr.cz\/author\/#Person","name":"","url":"https:\/\/www.reccr.cz\/author\/","identifier":1,"image":{"@type":"ImageObject","@id":"https:\/\/secure.gravatar.com\/avatar\/f7b3e8bb7f7cc0c6ca940e74a10b952be4c7d81de8a980387c865f88889f02e3?s=96&d=mm&r=g","url":"https:\/\/secure.gravatar.com\/avatar\/f7b3e8bb7f7cc0c6ca940e74a10b952be4c7d81de8a980387c865f88889f02e3?s=96&d=mm&r=g","height":96,"width":96}},"publisher":{"@type":"Organization","name":"reccr.cz","logo":{"@type":"ImageObject","@id":"\/logo.png","url":"\/logo.png","width":600,"height":60}},"image":{"@type":"ImageObject","@id":"https:\/\/www.reccr.cz\/wp-content\/uploads\/kameny.jpg","url":"https:\/\/www.reccr.cz\/wp-content\/uploads\/kameny.jpg","height":0,"width":0},"url":"https:\/\/www.reccr.cz\/zacina-sezona\/","about":["Nakupov\u00e1n\u00ed"],"wordCount":403,"articleBody":"   Za\u010d\u00edn\u00e1 sez\u00f3na, kdy za\u010dneme vytahovat porcel\u00e1nov\u00e9 dekorace na na\u0161e zahrady, s\u00e1zet kv\u011btiny, nebo budeme \u010dekat, a\u017e vystr\u010d\u00ed pomalu ale jist\u011b \u0161pi\u010dky kv\u011btinky, kter\u00e9 jsme v lo\u0148sk\u00e9m roce zasadili. V\u0161echno rozkv\u00e9t\u00e1, pu\u010d\u00ed, za\u010dne v\u0161echno von\u011bt, pomalu budeme sekat tr\u00e1vn\u00edky, prost\u011b jaro a l\u00e9to za\u010dne b\u00fdt v pln\u00e9m proudu, a s t\u00edm i na\u0161e nad\u0161en\u00e1 n\u00e1lada v\u0161echno velebit. P\u0159ednost\u00ed \u010desk\u00fdch zahr\u00e1dek b\u00fdvaj\u00ed kr\u00e1sn\u00e9 skalky, kter\u00e9 um\u00edme vypiplat do nejmen\u0161\u00edho detailu, to je v\u011bc, kterou si ka\u017ed\u00fd r\u00e1d prohl\u00ed\u017e\u00ed. A nebylo by to \u00fapln\u00e9, kdybychom k tomu nepou\u017eili okrasn\u00e9 kameny Lepaso.cz, co\u017e je internetov\u00fd obchod, kde toho opravdu pro tyto \u00fa\u010dely se\u017eenete opravdu mnoho. Pokud se i vy kamar\u00e1d\u00edte s kreativitou a tvo\u0159ivost\u00ed, ur\u010dit\u011b si tady vyberete nejenom pro venkovn\u00ed, ale i pro dom\u00e1c\u00ed tvo\u0159en\u00ed. Hotov\u00fdmi v\u00fdrobky pak m\u016f\u017eete obdarovat nap\u0159\u00edklad va\u0161e nejmilej\u0161\u00ed, proto\u017ee takov\u00fd d\u00e1rek vyroben\u00fd od srdce je \u00fapln\u00fdm balz\u00e1mem na du\u0161i. Kr\u00e1sn\u011b vypadaj\u00ed p\u0159\u00edrodn\u00ed b\u00edl\u00e9 kam\u00ednky, kter\u00fdmi m\u016f\u017eete odekorovat t\u0159eba i velk\u00e9 kv\u011btin\u00e1\u010de nebo z nich vytvo\u0159it cesti\u010dky, \u017ee to bude na va\u0161\u00ed zahrad\u011b pomalu vypadat jako n\u011bkde v \u0159eck\u00e9m p\u0159\u00edstavu. Pak tam posad\u00edte letn\u00ed k\u0159eslo nebo houpac\u00ed s\u00ed\u0165, vyt\u00e1hnete palmy, kter\u00e9 musely p\u0159ezimovat ve va\u0161em byt\u011b, a hned v\u00e1m na tom sv\u011bt\u011b bude naprosto blaze. Nebo z dekora\u010dn\u00edch kam\u00ednk\u016f m\u016f\u017eete vyrobit dekorace, nasypat je do velk\u00fdch sklen\u011bn\u00fdch m\u00eds a do toho posadit dal\u0161\u00ed dekorace, na internetu je spousta skv\u011bl\u00fdch inspirac\u00ed a n\u00e1pad\u016f. Vyzdobte si to t\u00edmto zp\u016fsobem i vy, kdy\u017e v\u00e1s to p\u0159estane bavit, m\u016f\u017eete kam\u00ednky zase p\u0159esypat do n\u011b\u010deho jin\u00e9ho nebo je vyu\u017e\u00edt jin\u00fdm zp\u016fsobem, fantazii se meze nekladou. Vyu\u017e\u00edt je tak\u00e9 m\u016f\u017eete pro v\u00fdrobu dekorac\u00ed na hrob, kde v\u00e1m tak\u00e9 ud\u011blaj\u00ed skv\u011blou slu\u017ebu. Bu\u010fte kreativn\u00ed a uspokoj\u00edte i va\u0161e my\u0161lenky, kter\u00e9 by se jinak mohly ub\u00edrat negativn\u00edm sm\u011brem, a to p\u0159ece nedopust\u00edte.                                                                                                                                                                                                                                                                                                                                                                                           4\/5 - (5 votes)        "},{"@context":"https:\/\/schema.org\/","@type":"BreadcrumbList","itemListElement":[{"@type":"ListItem","position":1,"name":"Za\u010d\u00edn\u00e1 sez\u00f3na","item":"https:\/\/www.reccr.cz\/zacina-sezona\/#breadcrumbitem"}]}]