[{"@context":"https:\/\/schema.org\/","@type":"Article","@id":"https:\/\/www.reccr.cz\/ubytovani-ricky\/#Article","mainEntityOfPage":"https:\/\/www.reccr.cz\/ubytovani-ricky\/","headline":"Ubytov\u00e1n\u00ed \u0158\u00ed\u010dky","name":"Ubytov\u00e1n\u00ed \u0158\u00ed\u010dky","description":"Obec \u0158\u00ed\u010dky, pojmenovan\u00e1 podle mno\u017estv\u00ed pot\u016f\u010dk\u016f a \u0159ek. Obec, kter\u00e1 v ka\u017edou ro\u010dn\u00ed dobu m\u00e1 co nab\u00eddnout v\u0161em, kte\u0159\u00ed sem p\u0159ij\u00ed\u017ed\u00ed za sportem \u010di za odpo\u010dinkem. Napl\u00e1nujte si v\u00fdlety do&hellip;<a href=\"https:\/\/www.reccr.cz\/ubytovani-ricky\/\" class=\"more-link\"><span class=\"more-button\">P\u0159e\u010d\u00edst<span class=\"screen-reader-text\">Ubytov\u00e1n\u00ed \u0158\u00ed\u010dky<\/span><\/span><\/a>","datePublished":"2024-12-08","dateModified":"2024-12-08","author":{"@type":"Person","@id":"https:\/\/www.reccr.cz\/author\/#Person","name":"","url":"https:\/\/www.reccr.cz\/author\/","identifier":1,"image":{"@type":"ImageObject","@id":"https:\/\/secure.gravatar.com\/avatar\/f7b3e8bb7f7cc0c6ca940e74a10b952be4c7d81de8a980387c865f88889f02e3?s=96&d=mm&r=g","url":"https:\/\/secure.gravatar.com\/avatar\/f7b3e8bb7f7cc0c6ca940e74a10b952be4c7d81de8a980387c865f88889f02e3?s=96&d=mm&r=g","height":96,"width":96}},"publisher":{"@type":"Organization","name":"reccr.cz","logo":{"@type":"ImageObject","@id":"\/logo.png","url":"\/logo.png","width":600,"height":60}},"url":"https:\/\/www.reccr.cz\/ubytovani-ricky\/","wordCount":172,"articleBody":" Obec \u0158\u00ed\u010dky, pojmenovan\u00e1 podle mno\u017estv\u00ed pot\u016f\u010dk\u016f a \u0159ek. Obec, kter\u00e1 v ka\u017edou ro\u010dn\u00ed dobu m\u00e1 co nab\u00eddnout v\u0161em, kte\u0159\u00ed sem p\u0159ij\u00ed\u017ed\u00ed za sportem \u010di za odpo\u010dinkem. Napl\u00e1nujte si v\u00fdlety do okol\u00ed na zaj\u00edmav\u00e1 m\u00edsta a na n\u00e1s nechte starost o ubytov\u00e1n\u00ed podle va\u0161ich p\u0159edstav. nab\u00edz\u00ed mal\u00e9 rodinn\u00e9 penziony, apartm\u00e1ny \u010di luxusn\u00ed hotely. Nab\u00eddka ubytov\u00e1n\u00ed \u0158\u00ed\u010dky v Orlick\u00fdch hor\u00e1ch garantuje ceny stejn\u00e9 jako ubytovac\u00ed za\u0159\u00edzen\u00ed, nehrad\u00edte tedy ji\u017e \u017e\u00e1dn\u00e9 dal\u0161\u00ed poplatky za na\u0161e slu\u017eby. Na va\u0161e po\u017eadavky reagujeme ihned a v p\u0159\u00edpad\u011b, \u017ee nebudeme moci va\u0161emu p\u0159\u00e1n\u00ed vyhov\u011bt, r\u00e1di v\u00e1m nab\u00eddneme odpov\u00eddaj\u00edc\u00ed alternativu ubytov\u00e1n\u00ed. Str\u00e1nky Na\u0161e str\u00e1nky v\u00e1m nab\u00edz\u00ed ubytovac\u00ed za\u0159\u00edzen\u00ed s podrobn\u00fdm popisem a fotografiemi. Pokud si s v\u00fdb\u011brem neporad\u00edte, obra\u0165te se na s d\u016fv\u011brou na n\u00e1s.                                                                                                                                                                                                                                                                                                                                                                                        4.3\/5 - (3 votes)        "},{"@context":"https:\/\/schema.org\/","@type":"BreadcrumbList","itemListElement":[{"@type":"ListItem","position":1,"name":"Ubytov\u00e1n\u00ed \u0158\u00ed\u010dky","item":"https:\/\/www.reccr.cz\/ubytovani-ricky\/#breadcrumbitem"}]}]