[{"@context":"https:\/\/schema.org\/","@type":"Article","@id":"https:\/\/www.reccr.cz\/ta-nejlepsi-znacka\/#Article","mainEntityOfPage":"https:\/\/www.reccr.cz\/ta-nejlepsi-znacka\/","headline":"Ta nejlep\u0161\u00ed zna\u010dka","name":"Ta nejlep\u0161\u00ed zna\u010dka","description":"Jist\u011b, ka\u017ed\u00fd se r\u00e1d chlub\u00ed, \u017ee je t\u00edm nejlep\u0161\u00edm. Na druhou stranu, komu se to d\u00e1 opravdu v\u011b\u0159it? Za kvalitn\u00ed zna\u010dkou mus\u00ed st\u00e1t roky prodeje, \u0159ada spokojen\u00fdch z\u00e1kazn\u00edk\u016f a nab\u00eddka&hellip;<a href=\"https:\/\/www.reccr.cz\/ta-nejlepsi-znacka\/\" class=\"more-link\"><span class=\"more-button\">P\u0159e\u010d\u00edst<span class=\"screen-reader-text\">Ta nejlep\u0161\u00ed zna\u010dka<\/span><\/span><\/a>","datePublished":"2025-01-31","dateModified":"2025-01-31","author":{"@type":"Person","@id":"https:\/\/www.reccr.cz\/author\/#Person","name":"","url":"https:\/\/www.reccr.cz\/author\/","identifier":1,"image":{"@type":"ImageObject","@id":"https:\/\/secure.gravatar.com\/avatar\/f7b3e8bb7f7cc0c6ca940e74a10b952be4c7d81de8a980387c865f88889f02e3?s=96&d=mm&r=g","url":"https:\/\/secure.gravatar.com\/avatar\/f7b3e8bb7f7cc0c6ca940e74a10b952be4c7d81de8a980387c865f88889f02e3?s=96&d=mm&r=g","height":96,"width":96}},"publisher":{"@type":"Organization","name":"reccr.cz","logo":{"@type":"ImageObject","@id":"\/logo.png","url":"\/logo.png","width":600,"height":60}},"url":"https:\/\/www.reccr.cz\/ta-nejlepsi-znacka\/","wordCount":177,"articleBody":"Jist\u011b, ka\u017ed\u00fd se r\u00e1d chlub\u00ed, \u017ee je t\u00edm nejlep\u0161\u00edm. Na druhou stranu, komu se to d\u00e1 opravdu v\u011b\u0159it? Za kvalitn\u00ed zna\u010dkou mus\u00ed st\u00e1t roky prodeje, \u0159ada spokojen\u00fdch z\u00e1kazn\u00edk\u016f a nab\u00eddka odpov\u00eddaj\u00edc\u00ed popt\u00e1vce. P\u0159esn\u011b tato kriteria spl\u0148uje i silvini, zna\u010dka sportovn\u00edho cyklistick\u00e9ho oble\u010den\u00ed. Na trhu jsme ji\u017e mnoho let a na\u0161i z\u00e1kazn\u00edci pat\u0159\u00ed mezi ty nejspokojen\u011bj\u0161\u00ed, p\u0159edev\u0161\u00edm d\u00edky dlouh\u00e9 funk\u010dnosti na\u0161eho oble\u010den\u00ed. Nab\u00edz\u00edme jen to nejlep\u0161\u00ed Na\u0161i z\u00e1kazn\u00edci n\u00e1m v\u011b\u0159\u00ed, \u017ee jim nab\u00eddneme to nejlep\u0161\u00ed a my jejich d\u016fv\u011bru rozhodn\u011b nechceme zklamat. Proto ka\u017ed\u00fd rok p\u0159ich\u00e1z\u00edme s inovovanou kolekc\u00ed, aby odpov\u00eddala nejen sou\u010dasn\u00fdm m\u00f3dn\u00edm trend\u016fm, ale i pot\u0159eb\u00e1m aktivn\u00edho sportovce. Vyzkou\u0161ejte si prvot\u0159\u00eddn\u00ed kvalitu na vlastn\u00ed k\u016f\u017ei a uvid\u00edte, \u017ee u\u017e nikdy nebudete cht\u00edt obl\u00e9ct jinou zna\u010dku.                                                                                                                                                                                                                                                                                                                                                                                        5\/5 - (1 vote)        "},{"@context":"https:\/\/schema.org\/","@type":"BreadcrumbList","itemListElement":[{"@type":"ListItem","position":1,"name":"Ta nejlep\u0161\u00ed zna\u010dka","item":"https:\/\/www.reccr.cz\/ta-nejlepsi-znacka\/#breadcrumbitem"}]}]