[{"@context":"https:\/\/schema.org\/","@type":"Article","@id":"https:\/\/www.reccr.cz\/prostor-v-malem-bytu\/#Article","mainEntityOfPage":"https:\/\/www.reccr.cz\/prostor-v-malem-bytu\/","headline":"Prostor v mal\u00e9m bytu","name":"Prostor v mal\u00e9m bytu","description":"Ka\u017ed\u00fd z\u00a0n\u00e1s, dosp\u011bl\u00fdch, si pamatuje na chv\u00edli, kdy se osamostatnil. V\u011bt\u0161in\u011b z\u00a0n\u00e1s hned v\u00a0prvn\u00edch chv\u00edl\u00edch spadla na tvrdou zem a jejich iluze o tom, jak budou m\u00edt klid od rodi\u010d\u016f&hellip;<a href=\"https:\/\/www.reccr.cz\/prostor-v-malem-bytu\/\" class=\"more-link\"><span class=\"more-button\">P\u0159e\u010d\u00edst<span class=\"screen-reader-text\">Prostor v mal\u00e9m bytu<\/span><\/span><\/a>","datePublished":"2018-06-07","dateModified":"2023-05-29","author":{"@type":"Person","@id":"https:\/\/www.reccr.cz\/author\/#Person","name":"","url":"https:\/\/www.reccr.cz\/author\/","identifier":1,"image":{"@type":"ImageObject","@id":"https:\/\/secure.gravatar.com\/avatar\/f7b3e8bb7f7cc0c6ca940e74a10b952be4c7d81de8a980387c865f88889f02e3?s=96&d=mm&r=g","url":"https:\/\/secure.gravatar.com\/avatar\/f7b3e8bb7f7cc0c6ca940e74a10b952be4c7d81de8a980387c865f88889f02e3?s=96&d=mm&r=g","height":96,"width":96}},"publisher":{"@type":"Organization","name":"reccr.cz","logo":{"@type":"ImageObject","@id":"\/logo.png","url":"\/logo.png","width":600,"height":60}},"image":{"@type":"ImageObject","@id":"https:\/\/www.reccr.cz\/wp-content\/uploads\/img_a321109_w2089_t1532284654.jpg","url":"https:\/\/www.reccr.cz\/wp-content\/uploads\/img_a321109_w2089_t1532284654.jpg","height":0,"width":0},"url":"https:\/\/www.reccr.cz\/prostor-v-malem-bytu\/","wordCount":403,"articleBody":"Ka\u017ed\u00fd z\u00a0n\u00e1s, dosp\u011bl\u00fdch, si pamatuje na chv\u00edli, kdy se osamostatnil. V\u011bt\u0161in\u011b z\u00a0n\u00e1s hned v\u00a0prvn\u00edch chv\u00edl\u00edch spadla na tvrdou zem a jejich iluze o tom, jak budou m\u00edt klid od rodi\u010d\u016f a jak si budou moct d\u011blat to, co cht\u011bj\u00ed a nikdo jim nebude nakazovat, se rozplynula.\tRealita byla takov\u00e1, \u017ee jsme museli chodit (n\u011bkte\u0159\u00ed z\u00a0n\u00e1s p\u0159i studiu vysok\u00e9 \u0161koly) do pr\u00e1ce, abychom m\u011bli pen\u00edze na n\u00e1jem\/hypot\u00e9ku. Pen\u00edze, kter\u00e9 n\u00e1m\u00a0 zbyly jsme pou\u017eili na nutnosti k p\u0159e\u017eit\u00ed (jako je nap\u0159\u00edklad strava).\tP\u0159edstavy o tom, \u017ee bude n\u00e1\u0161 \u017eivot jedna velk\u00e1 p\u00e1rty se tak\u00e9 nevyplnily. Opak byl pravdou. Do\u0161lo n\u00e1m, \u017ee jsme si nejv\u00edce u\u017eili \u017eivota p\u0159i studov\u00e1n\u00ed (kdy jsme si st\u011b\u017eovali, \u017ee nem\u00e1me dostatek pen\u011bz, \u017ee n\u00e1s \u0161kola nebav\u00ed a \u017ee po n\u00e1s cht\u011bj\u00ed rodi\u010de dom\u00e1c\u00ed pr\u00e1ce), proto\u017ee jsme nem\u011bli \u017e\u00e1dn\u00e9 starosti, ani povinnosti. V\u0161echny pen\u00edze, kter\u00e9 jsme s\u00a0vyd\u011blali jsme mohli bezstarostn\u011b do posledn\u00ed koruny utratit, proto\u017ee jsme u rodi\u010d\u016f m\u011bli z\u00e1zem\u00ed i j\u00eddlo (n\u011bkte\u0159\u00ed z\u00a0n\u00e1s dokonce kapesn\u00e9).\tAle jak to maj\u00ed mlad\u00ed lidi v\u00a0dne\u0161n\u00ed dob\u011b? Ceny byt\u016f jsou mnohem vy\u0161\u0161\u00ed nap\u0159\u00edklad pro studenta vysok\u00e9 \u0161koly nedostupn\u00e9.\tJe mo\u017en\u00e9 naj\u00edt byt za p\u0159\u00edpustnou cenu, ale takov\u00fd byt je v\u011bt\u0161inou hodn\u011b v\u00a0osobn\u00edm vlastnictv\u00ed mal\u00fd. Jednou z\u00a0v\u00fdhod mal\u00e9ho bytu je men\u0161\u00ed p\u00e9\u010de, ne\u017e o velk\u00fd byt. P\u00e9\u010d\u00ed mysl\u00edm \u00faklid, na kter\u00fd student, kter\u00fd po \u0161kole chod\u00ed pracovat, nebude m\u00edt dostatek \u010dasu. M\u00e1 tak\u00e9 nev\u00fdhody. Nejv\u011bt\u0161\u00ed nev\u00fdhodou je m\u00e1lo prostoru. Jak to vy\u0159e\u0161it probl\u00e9my s prostory? Byt vypadal prostorn\u011bj\u0161\u00ed, kdy\u017e nebyl vybaven. \u0160et\u0159en\u00ed prostorem nen\u00ed lehkou z\u00e1le\u017eitost\u00ed, ale d\u00e1 se zvl\u00e1dnou. Kl\u00ed\u010dov\u00fdm heslem je po\u0159izov\u00e1n\u00ed pouze nezbytnost\u00ed, jako je nap\u0159\u00edklad kuchy\u0148sk\u00e1 linka a postel (v dne\u0161n\u00ed modern\u00ed dob\u011b existuj\u00ed i rozkl\u00e1dac\u00ed postele).\t\tZ\u00e1v\u011brem nap\u00ed\u0161i jen to, \u017ee by si m\u011bl \u010dlov\u011bk rozmyslet, jestli je prostor v\u00a0bytu dostate\u010dn\u00fd pro jeho pot\u0159eby p\u0159ed t\u00edm, ne\u017e podep\u00ed\u0161e smlouvu.                                                                                                                                                                                                                                                                                                                                                                                        4.4\/5 - (7 votes)        "},{"@context":"https:\/\/schema.org\/","@type":"BreadcrumbList","itemListElement":[{"@type":"ListItem","position":1,"name":"Prostor v mal\u00e9m bytu","item":"https:\/\/www.reccr.cz\/prostor-v-malem-bytu\/#breadcrumbitem"}]}]