[{"@context":"https:\/\/schema.org\/","@type":"Blog","@id":"https:\/\/www.reccr.cz#Blog","headline":"Reccr","description":"\nNa internetu se lze setkat s\u00a0leck\u00fdm a lec\u010d\u00edm. A jestli chcete, aby \u0161lo v\u00fdhradn\u011b o setk\u00e1n\u00ed p\u0159\u00edjemn\u00e1, nem\u011bli byste se vyhnout n\u00e1v\u0161t\u011bv\u011b na\u0161eho webu.","url":"https:\/\/www.reccr.cz","hasPart":[{"@type":"Article","@id":"https:\/\/www.reccr.cz\/nebezpeci-pro-chodce-s-mobilnim-telefonem-v-ruce\/","headline":"Nebezpe\u010d\u00ed pro chodce s mobiln\u00edm telefonem v ruce","url":"https:\/\/www.reccr.cz\/nebezpeci-pro-chodce-s-mobilnim-telefonem-v-ruce\/","datePublished":"2023-05-29","dateModified":"2023-05-29","mainEntityOfPage":"https:\/\/www.reccr.cz\/nebezpeci-pro-chodce-s-mobilnim-telefonem-v-ruce\/","author":{"@type":"Person","@id":"https:\/\/www.reccr.cz\/author\/#Person","name":"","url":"https:\/\/www.reccr.cz\/author\/","identifier":1,"image":{"@type":"ImageObject","@id":"https:\/\/secure.gravatar.com\/avatar\/f7b3e8bb7f7cc0c6ca940e74a10b952be4c7d81de8a980387c865f88889f02e3?s=96&d=mm&r=g","url":"https:\/\/secure.gravatar.com\/avatar\/f7b3e8bb7f7cc0c6ca940e74a10b952be4c7d81de8a980387c865f88889f02e3?s=96&d=mm&r=g","height":96,"width":96}},"publisher":{"@type":"Organization","name":"reccr.cz","logo":{"@type":"ImageObject","@id":"\/logo.png","url":"\/logo.png","width":600,"height":60}},"image":{"@type":"ImageObject","@id":"https:\/\/www.reccr.cz\/wp-content\/uploads\/img_a327204_w2250_t1539454482.jpg","url":"https:\/\/www.reccr.cz\/wp-content\/uploads\/img_a327204_w2250_t1539454482.jpg","height":0,"width":0},"wordCount":542,"keywords":null},{"@type":"Article","@id":"https:\/\/www.reccr.cz\/utok-na-youtube\/","headline":"\u00datok na YouTube","url":"https:\/\/www.reccr.cz\/utok-na-youtube\/","datePublished":"2023-05-29","dateModified":"2023-05-29","mainEntityOfPage":"https:\/\/www.reccr.cz\/utok-na-youtube\/","author":{"@type":"Person","@id":"https:\/\/www.reccr.cz\/author\/#Person","name":"","url":"https:\/\/www.reccr.cz\/author\/","identifier":1,"image":{"@type":"ImageObject","@id":"https:\/\/secure.gravatar.com\/avatar\/f7b3e8bb7f7cc0c6ca940e74a10b952be4c7d81de8a980387c865f88889f02e3?s=96&d=mm&r=g","url":"https:\/\/secure.gravatar.com\/avatar\/f7b3e8bb7f7cc0c6ca940e74a10b952be4c7d81de8a980387c865f88889f02e3?s=96&d=mm&r=g","height":96,"width":96}},"publisher":{"@type":"Organization","name":"reccr.cz","logo":{"@type":"ImageObject","@id":"\/logo.png","url":"\/logo.png","width":600,"height":60}},"image":{"@type":"ImageObject","@id":"https:\/\/www.reccr.cz\/wp-content\/uploads\/img_a313628_w2351_t1524510689.png","url":"https:\/\/www.reccr.cz\/wp-content\/uploads\/img_a313628_w2351_t1524510689.png","height":0,"width":0},"wordCount":4648,"keywords":null},{"@type":"Article","@id":"https:\/\/www.reccr.cz\/nemecky-ovcak-je-spravna-volba\/","headline":"N\u011bmeck\u00fd ov\u010d\u00e1k je spr\u00e1vn\u00e1 volba","url":"https:\/\/www.reccr.cz\/nemecky-ovcak-je-spravna-volba\/","datePublished":"2023-05-29","dateModified":"2023-05-29","mainEntityOfPage":"https:\/\/www.reccr.cz\/nemecky-ovcak-je-spravna-volba\/","author":{"@type":"Person","@id":"https:\/\/www.reccr.cz\/author\/#Person","name":"","url":"https:\/\/www.reccr.cz\/author\/","identifier":1,"image":{"@type":"ImageObject","@id":"https:\/\/secure.gravatar.com\/avatar\/f7b3e8bb7f7cc0c6ca940e74a10b952be4c7d81de8a980387c865f88889f02e3?s=96&d=mm&r=g","url":"https:\/\/secure.gravatar.com\/avatar\/f7b3e8bb7f7cc0c6ca940e74a10b952be4c7d81de8a980387c865f88889f02e3?s=96&d=mm&r=g","height":96,"width":96}},"publisher":{"@type":"Organization","name":"reccr.cz","logo":{"@type":"ImageObject","@id":"\/logo.png","url":"\/logo.png","width":600,"height":60}},"image":{"@type":"ImageObject","@id":"https:\/\/www.reccr.cz\/wp-content\/uploads\/img_a307399_w2062_t1518689131.jpg","url":"https:\/\/www.reccr.cz\/wp-content\/uploads\/img_a307399_w2062_t1518689131.jpg","height":0,"width":0},"wordCount":540,"keywords":null},{"@type":"Article","@id":"https:\/\/www.reccr.cz\/pro-prijemne-ranni-probouzeni-a-vstavani-je-dulezite-postavit-bose-nohy-na-koberec\/","headline":"Pro p\u0159\u00edjemn\u00e9 rann\u00ed probouzen\u00ed a vst\u00e1v\u00e1n\u00ed je d\u016fle\u017eit\u00e9 postavit bos\u00e9 nohy na koberec","url":"https:\/\/www.reccr.cz\/pro-prijemne-ranni-probouzeni-a-vstavani-je-dulezite-postavit-bose-nohy-na-koberec\/","datePublished":"2023-04-29","dateModified":"2024-05-06","mainEntityOfPage":"https:\/\/www.reccr.cz\/pro-prijemne-ranni-probouzeni-a-vstavani-je-dulezite-postavit-bose-nohy-na-koberec\/","author":{"@type":"Person","@id":"https:\/\/www.reccr.cz\/author\/#Person","name":"","url":"https:\/\/www.reccr.cz\/author\/","identifier":1,"image":{"@type":"ImageObject","@id":"https:\/\/secure.gravatar.com\/avatar\/f7b3e8bb7f7cc0c6ca940e74a10b952be4c7d81de8a980387c865f88889f02e3?s=96&d=mm&r=g","url":"https:\/\/secure.gravatar.com\/avatar\/f7b3e8bb7f7cc0c6ca940e74a10b952be4c7d81de8a980387c865f88889f02e3?s=96&d=mm&r=g","height":96,"width":96}},"publisher":{"@type":"Organization","name":"reccr.cz","logo":{"@type":"ImageObject","@id":"\/logo.png","url":"\/logo.png","width":600,"height":60}},"image":null,"wordCount":436,"keywords":null},{"@type":"Article","@id":"https:\/\/www.reccr.cz\/diky-vinylu-budete-mit-krasne-podlahy\/","headline":"D\u00edky vinylu budete m\u00edt kr\u00e1sn\u011b podlahy","url":"https:\/\/www.reccr.cz\/diky-vinylu-budete-mit-krasne-podlahy\/","datePublished":"2023-03-25","dateModified":"2024-04-02","mainEntityOfPage":"https:\/\/www.reccr.cz\/diky-vinylu-budete-mit-krasne-podlahy\/","author":{"@type":"Person","@id":"https:\/\/www.reccr.cz\/author\/#Person","name":"","url":"https:\/\/www.reccr.cz\/author\/","identifier":1,"image":{"@type":"ImageObject","@id":"https:\/\/secure.gravatar.com\/avatar\/f7b3e8bb7f7cc0c6ca940e74a10b952be4c7d81de8a980387c865f88889f02e3?s=96&d=mm&r=g","url":"https:\/\/secure.gravatar.com\/avatar\/f7b3e8bb7f7cc0c6ca940e74a10b952be4c7d81de8a980387c865f88889f02e3?s=96&d=mm&r=g","height":96,"width":96}},"publisher":{"@type":"Organization","name":"reccr.cz","logo":{"@type":"ImageObject","@id":"\/logo.png","url":"\/logo.png","width":600,"height":60}},"image":null,"wordCount":454,"keywords":null},{"@type":"Article","@id":"https:\/\/www.reccr.cz\/zacina-sezona\/","headline":"Za\u010d\u00edn\u00e1 sez\u00f3na","url":"https:\/\/www.reccr.cz\/zacina-sezona\/","datePublished":"2023-03-17","dateModified":"2024-04-30","mainEntityOfPage":"https:\/\/www.reccr.cz\/zacina-sezona\/","author":{"@type":"Person","@id":"https:\/\/www.reccr.cz\/author\/#Person","name":"","url":"https:\/\/www.reccr.cz\/author\/","identifier":1,"image":{"@type":"ImageObject","@id":"https:\/\/secure.gravatar.com\/avatar\/f7b3e8bb7f7cc0c6ca940e74a10b952be4c7d81de8a980387c865f88889f02e3?s=96&d=mm&r=g","url":"https:\/\/secure.gravatar.com\/avatar\/f7b3e8bb7f7cc0c6ca940e74a10b952be4c7d81de8a980387c865f88889f02e3?s=96&d=mm&r=g","height":96,"width":96}},"publisher":{"@type":"Organization","name":"reccr.cz","logo":{"@type":"ImageObject","@id":"\/logo.png","url":"\/logo.png","width":600,"height":60}},"image":{"@type":"ImageObject","@id":"https:\/\/www.reccr.cz\/wp-content\/uploads\/kameny.jpg","url":"https:\/\/www.reccr.cz\/wp-content\/uploads\/kameny.jpg","height":0,"width":0},"wordCount":500,"keywords":null},{"@type":"Article","@id":"https:\/\/www.reccr.cz\/tipy-pri-cestovani-do-parize\/","headline":"Tipy p\u0159i cestov\u00e1n\u00ed do Pa\u0159\u00ed\u017ee","url":"https:\/\/www.reccr.cz\/tipy-pri-cestovani-do-parize\/","datePublished":"2023-02-28","dateModified":"2023-05-29","mainEntityOfPage":"https:\/\/www.reccr.cz\/tipy-pri-cestovani-do-parize\/","author":{"@type":"Person","@id":"https:\/\/www.reccr.cz\/author\/#Person","name":"","url":"https:\/\/www.reccr.cz\/author\/","identifier":1,"image":{"@type":"ImageObject","@id":"https:\/\/secure.gravatar.com\/avatar\/f7b3e8bb7f7cc0c6ca940e74a10b952be4c7d81de8a980387c865f88889f02e3?s=96&d=mm&r=g","url":"https:\/\/secure.gravatar.com\/avatar\/f7b3e8bb7f7cc0c6ca940e74a10b952be4c7d81de8a980387c865f88889f02e3?s=96&d=mm&r=g","height":96,"width":96}},"publisher":{"@type":"Organization","name":"reccr.cz","logo":{"@type":"ImageObject","@id":"\/logo.png","url":"\/logo.png","width":600,"height":60}},"image":{"@type":"ImageObject","@id":"https:\/\/www.reccr.cz\/wp-content\/uploads\/eiffel-tower-g435e03fa0_640.jpg","url":"https:\/\/www.reccr.cz\/wp-content\/uploads\/eiffel-tower-g435e03fa0_640.jpg","height":0,"width":0},"wordCount":795,"keywords":null},{"@type":"Article","@id":"https:\/\/www.reccr.cz\/letajici-talire-plysove-hracky-pamlsky-a-dalsi-zbozi-je-tu-pro-vase-psy\/","headline":"L\u00e9taj\u00edc\u00ed tal\u00ed\u0159e, ply\u0161ov\u00e9 hra\u010dky, pamlsky a dal\u0161\u00ed zbo\u017e\u00ed je tu pro va\u0161e psy!","url":"https:\/\/www.reccr.cz\/letajici-talire-plysove-hracky-pamlsky-a-dalsi-zbozi-je-tu-pro-vase-psy\/","datePublished":"2023-02-22","dateModified":"2024-02-23","mainEntityOfPage":"https:\/\/www.reccr.cz\/letajici-talire-plysove-hracky-pamlsky-a-dalsi-zbozi-je-tu-pro-vase-psy\/","author":{"@type":"Person","@id":"https:\/\/www.reccr.cz\/author\/#Person","name":"","url":"https:\/\/www.reccr.cz\/author\/","identifier":1,"image":{"@type":"ImageObject","@id":"https:\/\/secure.gravatar.com\/avatar\/f7b3e8bb7f7cc0c6ca940e74a10b952be4c7d81de8a980387c865f88889f02e3?s=96&d=mm&r=g","url":"https:\/\/secure.gravatar.com\/avatar\/f7b3e8bb7f7cc0c6ca940e74a10b952be4c7d81de8a980387c865f88889f02e3?s=96&d=mm&r=g","height":96,"width":96}},"publisher":{"@type":"Organization","name":"reccr.cz","logo":{"@type":"ImageObject","@id":"\/logo.png","url":"\/logo.png","width":600,"height":60}},"image":null,"wordCount":459,"keywords":null},{"@type":"Article","@id":"https:\/\/www.reccr.cz\/kartonove-obalky-vasi-duveru-nezklamou\/","headline":"Kartonov\u00e9 ob\u00e1lky va\u0161i d\u016fv\u011bru nezklamou","url":"https:\/\/www.reccr.cz\/kartonove-obalky-vasi-duveru-nezklamou\/","datePublished":"2023-02-14","dateModified":"2023-05-29","mainEntityOfPage":"https:\/\/www.reccr.cz\/kartonove-obalky-vasi-duveru-nezklamou\/","author":{"@type":"Person","@id":"https:\/\/www.reccr.cz\/author\/#Person","name":"","url":"https:\/\/www.reccr.cz\/author\/","identifier":1,"image":{"@type":"ImageObject","@id":"https:\/\/secure.gravatar.com\/avatar\/f7b3e8bb7f7cc0c6ca940e74a10b952be4c7d81de8a980387c865f88889f02e3?s=96&d=mm&r=g","url":"https:\/\/secure.gravatar.com\/avatar\/f7b3e8bb7f7cc0c6ca940e74a10b952be4c7d81de8a980387c865f88889f02e3?s=96&d=mm&r=g","height":96,"width":96}},"publisher":{"@type":"Organization","name":"reccr.cz","logo":{"@type":"ImageObject","@id":"\/logo.png","url":"\/logo.png","width":600,"height":60}},"image":{"@type":"ImageObject","@id":"https:\/\/www.reccr.cz\/wp-content\/uploads\/black-and-white-g72b6fd385_640.jpg","url":"https:\/\/www.reccr.cz\/wp-content\/uploads\/black-and-white-g72b6fd385_640.jpg","height":0,"width":0},"wordCount":539,"keywords":null},{"@type":"Article","@id":"https:\/\/www.reccr.cz\/jak-pomoci-afirmaci-prilakat-do-sveho-zivota-vice-penez\/","headline":"Jak pomoc\u00ed afirmac\u00ed p\u0159il\u00e1kat do sv\u00e9ho \u017eivota v\u00edce pen\u011bz?","url":"https:\/\/www.reccr.cz\/jak-pomoci-afirmaci-prilakat-do-sveho-zivota-vice-penez\/","datePublished":"2023-01-31","dateModified":"2023-05-29","mainEntityOfPage":"https:\/\/www.reccr.cz\/jak-pomoci-afirmaci-prilakat-do-sveho-zivota-vice-penez\/","author":{"@type":"Person","@id":"https:\/\/www.reccr.cz\/author\/#Person","name":"","url":"https:\/\/www.reccr.cz\/author\/","identifier":1,"image":{"@type":"ImageObject","@id":"https:\/\/secure.gravatar.com\/avatar\/f7b3e8bb7f7cc0c6ca940e74a10b952be4c7d81de8a980387c865f88889f02e3?s=96&d=mm&r=g","url":"https:\/\/secure.gravatar.com\/avatar\/f7b3e8bb7f7cc0c6ca940e74a10b952be4c7d81de8a980387c865f88889f02e3?s=96&d=mm&r=g","height":96,"width":96}},"publisher":{"@type":"Organization","name":"reccr.cz","logo":{"@type":"ImageObject","@id":"\/logo.png","url":"\/logo.png","width":600,"height":60}},"image":{"@type":"ImageObject","@id":"https:\/\/www.reccr.cz\/wp-content\/uploads\/pexels-vinicius-altava-2657582_2.jpg","url":"https:\/\/www.reccr.cz\/wp-content\/uploads\/pexels-vinicius-altava-2657582_2.jpg","height":0,"width":0},"wordCount":556,"keywords":null}]},{"@context":"https:\/\/schema.org","@type":"WebSite","@id":"https:\/\/www.reccr.cz\/#website","name":"Reccr","url":"https:\/\/www.reccr.cz","potentialAction":{"@type":"SearchAction","target":"https:\/\/www.reccr.cz\/?s={search_term_string}","query-input":"required name=search_term_string"}}]