[{"@context":"https:\/\/schema.org\/","@type":"Blog","@id":"https:\/\/www.reccr.cz#Blog","headline":"Reccr","description":"\nNa internetu se lze setkat s\u00a0leck\u00fdm a lec\u010d\u00edm. A jestli chcete, aby \u0161lo v\u00fdhradn\u011b o setk\u00e1n\u00ed p\u0159\u00edjemn\u00e1, nem\u011bli byste se vyhnout n\u00e1v\u0161t\u011bv\u011b na\u0161eho webu.","url":"https:\/\/www.reccr.cz","hasPart":[{"@type":"Article","@id":"https:\/\/www.reccr.cz\/silikonove-formy-na-mydlo-jsou-cesta-k-prakticke-zabave\/","headline":"Silikonov\u00e9 formy na m\u00fddlo jsou cesta k praktick\u00e9 z\u00e1bav\u011b","url":"https:\/\/www.reccr.cz\/silikonove-formy-na-mydlo-jsou-cesta-k-prakticke-zabave\/","datePublished":"2024-11-05","dateModified":"2024-11-05","mainEntityOfPage":"https:\/\/www.reccr.cz\/silikonove-formy-na-mydlo-jsou-cesta-k-prakticke-zabave\/","author":{"@type":"Person","@id":"https:\/\/www.reccr.cz\/author\/#Person","name":"","url":"https:\/\/www.reccr.cz\/author\/","identifier":1,"image":{"@type":"ImageObject","@id":"https:\/\/secure.gravatar.com\/avatar\/f7b3e8bb7f7cc0c6ca940e74a10b952be4c7d81de8a980387c865f88889f02e3?s=96&d=mm&r=g","url":"https:\/\/secure.gravatar.com\/avatar\/f7b3e8bb7f7cc0c6ca940e74a10b952be4c7d81de8a980387c865f88889f02e3?s=96&d=mm&r=g","height":96,"width":96}},"publisher":{"@type":"Organization","name":"reccr.cz","logo":{"@type":"ImageObject","@id":"\/logo.png","url":"\/logo.png","width":600,"height":60}},"image":null,"wordCount":285,"keywords":null},{"@type":"Article","@id":"https:\/\/www.reccr.cz\/vianocny-stromcek-kapor-ale-nemozu-chybat-ani-novorocenky\/","headline":"Viano\u010dn\u00fd strom\u010dek, kapor, ale nem\u00f4\u017eu ch\u00fdba\u0165 ani novoro\u010denky","url":"https:\/\/www.reccr.cz\/vianocny-stromcek-kapor-ale-nemozu-chybat-ani-novorocenky\/","datePublished":"2024-10-26","dateModified":"2024-10-26","mainEntityOfPage":"https:\/\/www.reccr.cz\/vianocny-stromcek-kapor-ale-nemozu-chybat-ani-novorocenky\/","author":{"@type":"Person","@id":"https:\/\/www.reccr.cz\/author\/#Person","name":"","url":"https:\/\/www.reccr.cz\/author\/","identifier":1,"image":{"@type":"ImageObject","@id":"https:\/\/secure.gravatar.com\/avatar\/f7b3e8bb7f7cc0c6ca940e74a10b952be4c7d81de8a980387c865f88889f02e3?s=96&d=mm&r=g","url":"https:\/\/secure.gravatar.com\/avatar\/f7b3e8bb7f7cc0c6ca940e74a10b952be4c7d81de8a980387c865f88889f02e3?s=96&d=mm&r=g","height":96,"width":96}},"publisher":{"@type":"Organization","name":"reccr.cz","logo":{"@type":"ImageObject","@id":"\/logo.png","url":"\/logo.png","width":600,"height":60}},"image":null,"wordCount":273,"keywords":null},{"@type":"Article","@id":"https:\/\/www.reccr.cz\/elektricke-grily-plynove-grily-a-spousta-dalsiho-sortimentu-jsou-tu-pro-vas\/","headline":"Elektrick\u00e9 grily, plynov\u00e9 grily a spousta dal\u0161\u00edho sortimentu jsou tu pro V\u00e1s!","url":"https:\/\/www.reccr.cz\/elektricke-grily-plynove-grily-a-spousta-dalsiho-sortimentu-jsou-tu-pro-vas\/","datePublished":"2024-10-17","dateModified":"2024-10-17","mainEntityOfPage":"https:\/\/www.reccr.cz\/elektricke-grily-plynove-grily-a-spousta-dalsiho-sortimentu-jsou-tu-pro-vas\/","author":{"@type":"Person","@id":"https:\/\/www.reccr.cz\/author\/#Person","name":"","url":"https:\/\/www.reccr.cz\/author\/","identifier":1,"image":{"@type":"ImageObject","@id":"https:\/\/secure.gravatar.com\/avatar\/f7b3e8bb7f7cc0c6ca940e74a10b952be4c7d81de8a980387c865f88889f02e3?s=96&d=mm&r=g","url":"https:\/\/secure.gravatar.com\/avatar\/f7b3e8bb7f7cc0c6ca940e74a10b952be4c7d81de8a980387c865f88889f02e3?s=96&d=mm&r=g","height":96,"width":96}},"publisher":{"@type":"Organization","name":"reccr.cz","logo":{"@type":"ImageObject","@id":"\/logo.png","url":"\/logo.png","width":600,"height":60}},"image":null,"wordCount":261,"keywords":null},{"@type":"Article","@id":"https:\/\/www.reccr.cz\/vylepseni-ubytovani\/","headline":"Vylep\u0161en\u00ed ubytov\u00e1n\u00ed.","url":"https:\/\/www.reccr.cz\/vylepseni-ubytovani\/","datePublished":"2024-05-27","dateModified":"2024-05-27","mainEntityOfPage":"https:\/\/www.reccr.cz\/vylepseni-ubytovani\/","author":{"@type":"Person","@id":"https:\/\/www.reccr.cz\/author\/#Person","name":"","url":"https:\/\/www.reccr.cz\/author\/","identifier":1,"image":{"@type":"ImageObject","@id":"https:\/\/secure.gravatar.com\/avatar\/f7b3e8bb7f7cc0c6ca940e74a10b952be4c7d81de8a980387c865f88889f02e3?s=96&d=mm&r=g","url":"https:\/\/secure.gravatar.com\/avatar\/f7b3e8bb7f7cc0c6ca940e74a10b952be4c7d81de8a980387c865f88889f02e3?s=96&d=mm&r=g","height":96,"width":96}},"publisher":{"@type":"Organization","name":"reccr.cz","logo":{"@type":"ImageObject","@id":"\/logo.png","url":"\/logo.png","width":600,"height":60}},"image":{"@type":"ImageObject","@id":"https:\/\/www.reccr.cz\/wp-content\/uploads\/barn-2594975_640.jpg","url":"https:\/\/www.reccr.cz\/wp-content\/uploads\/barn-2594975_640.jpg","height":0,"width":0},"wordCount":605,"keywords":null},{"@type":"Article","@id":"https:\/\/www.reccr.cz\/zakladni-informace-a-zdravi-muzu\/","headline":"Z\u00e1kladn\u00ed informace a zdrav\u00ed mu\u017e\u016f","url":"https:\/\/www.reccr.cz\/zakladni-informace-a-zdravi-muzu\/","datePublished":"2024-05-20","dateModified":"2024-06-21","mainEntityOfPage":"https:\/\/www.reccr.cz\/zakladni-informace-a-zdravi-muzu\/","author":{"@type":"Person","@id":"https:\/\/www.reccr.cz\/author\/#Person","name":"","url":"https:\/\/www.reccr.cz\/author\/","identifier":1,"image":{"@type":"ImageObject","@id":"https:\/\/secure.gravatar.com\/avatar\/f7b3e8bb7f7cc0c6ca940e74a10b952be4c7d81de8a980387c865f88889f02e3?s=96&d=mm&r=g","url":"https:\/\/secure.gravatar.com\/avatar\/f7b3e8bb7f7cc0c6ca940e74a10b952be4c7d81de8a980387c865f88889f02e3?s=96&d=mm&r=g","height":96,"width":96}},"publisher":{"@type":"Organization","name":"reccr.cz","logo":{"@type":"ImageObject","@id":"\/logo.png","url":"\/logo.png","width":600,"height":60}},"image":{"@type":"ImageObject","@id":"https:\/\/www.reccr.cz\/wp-content\/uploads\/couple-5367555_1280_2.jpg","url":"https:\/\/www.reccr.cz\/wp-content\/uploads\/couple-5367555_1280_2.jpg","height":0,"width":0},"wordCount":515,"keywords":null},{"@type":"Article","@id":"https:\/\/www.reccr.cz\/jak-se-postavit-stresu\/","headline":"Jak se postavit stresu","url":"https:\/\/www.reccr.cz\/jak-se-postavit-stresu\/","datePublished":"2024-05-05","dateModified":"2024-06-18","mainEntityOfPage":"https:\/\/www.reccr.cz\/jak-se-postavit-stresu\/","author":{"@type":"Person","@id":"https:\/\/www.reccr.cz\/author\/#Person","name":"","url":"https:\/\/www.reccr.cz\/author\/","identifier":1,"image":{"@type":"ImageObject","@id":"https:\/\/secure.gravatar.com\/avatar\/f7b3e8bb7f7cc0c6ca940e74a10b952be4c7d81de8a980387c865f88889f02e3?s=96&d=mm&r=g","url":"https:\/\/secure.gravatar.com\/avatar\/f7b3e8bb7f7cc0c6ca940e74a10b952be4c7d81de8a980387c865f88889f02e3?s=96&d=mm&r=g","height":96,"width":96}},"publisher":{"@type":"Organization","name":"reccr.cz","logo":{"@type":"ImageObject","@id":"\/logo.png","url":"\/logo.png","width":600,"height":60}},"image":{"@type":"ImageObject","@id":"https:\/\/www.reccr.cz\/wp-content\/uploads\/ginseng-641890_640_10_10_6.jpg","url":"https:\/\/www.reccr.cz\/wp-content\/uploads\/ginseng-641890_640_10_10_6.jpg","height":0,"width":0},"wordCount":584,"keywords":null},{"@type":"Article","@id":"https:\/\/www.reccr.cz\/jedinecna-atmosfera-se-selvintech\/","headline":"Jedine\u010dn\u00e1 atmosf\u00e9ra se Selvintech","url":"https:\/\/www.reccr.cz\/jedinecna-atmosfera-se-selvintech\/","datePublished":"2024-04-30","dateModified":"2024-04-30","mainEntityOfPage":"https:\/\/www.reccr.cz\/jedinecna-atmosfera-se-selvintech\/","author":{"@type":"Person","@id":"https:\/\/www.reccr.cz\/author\/#Person","name":"","url":"https:\/\/www.reccr.cz\/author\/","identifier":1,"image":{"@type":"ImageObject","@id":"https:\/\/secure.gravatar.com\/avatar\/f7b3e8bb7f7cc0c6ca940e74a10b952be4c7d81de8a980387c865f88889f02e3?s=96&d=mm&r=g","url":"https:\/\/secure.gravatar.com\/avatar\/f7b3e8bb7f7cc0c6ca940e74a10b952be4c7d81de8a980387c865f88889f02e3?s=96&d=mm&r=g","height":96,"width":96}},"publisher":{"@type":"Organization","name":"reccr.cz","logo":{"@type":"ImageObject","@id":"\/logo.png","url":"\/logo.png","width":600,"height":60}},"image":null,"wordCount":289,"keywords":null},{"@type":"Article","@id":"https:\/\/www.reccr.cz\/uprava-ktera-se-vam-vyplati\/","headline":"\u00daprava, kter\u00e1 se v\u00e1m vyplat\u00ed","url":"https:\/\/www.reccr.cz\/uprava-ktera-se-vam-vyplati\/","datePublished":"2024-04-23","dateModified":"2024-04-23","mainEntityOfPage":"https:\/\/www.reccr.cz\/uprava-ktera-se-vam-vyplati\/","author":{"@type":"Person","@id":"https:\/\/www.reccr.cz\/author\/#Person","name":"","url":"https:\/\/www.reccr.cz\/author\/","identifier":1,"image":{"@type":"ImageObject","@id":"https:\/\/secure.gravatar.com\/avatar\/f7b3e8bb7f7cc0c6ca940e74a10b952be4c7d81de8a980387c865f88889f02e3?s=96&d=mm&r=g","url":"https:\/\/secure.gravatar.com\/avatar\/f7b3e8bb7f7cc0c6ca940e74a10b952be4c7d81de8a980387c865f88889f02e3?s=96&d=mm&r=g","height":96,"width":96}},"publisher":{"@type":"Organization","name":"reccr.cz","logo":{"@type":"ImageObject","@id":"\/logo.png","url":"\/logo.png","width":600,"height":60}},"image":null,"wordCount":270,"keywords":null},{"@type":"Article","@id":"https:\/\/www.reccr.cz\/laska-vsude-kolem-nas\/","headline":"L\u00e1ska v\u0161ude kolem n\u00e1s","url":"https:\/\/www.reccr.cz\/laska-vsude-kolem-nas\/","datePublished":"2024-04-17","dateModified":"2024-04-17","mainEntityOfPage":"https:\/\/www.reccr.cz\/laska-vsude-kolem-nas\/","author":{"@type":"Person","@id":"https:\/\/www.reccr.cz\/author\/#Person","name":"","url":"https:\/\/www.reccr.cz\/author\/","identifier":1,"image":{"@type":"ImageObject","@id":"https:\/\/secure.gravatar.com\/avatar\/f7b3e8bb7f7cc0c6ca940e74a10b952be4c7d81de8a980387c865f88889f02e3?s=96&d=mm&r=g","url":"https:\/\/secure.gravatar.com\/avatar\/f7b3e8bb7f7cc0c6ca940e74a10b952be4c7d81de8a980387c865f88889f02e3?s=96&d=mm&r=g","height":96,"width":96}},"publisher":{"@type":"Organization","name":"reccr.cz","logo":{"@type":"ImageObject","@id":"\/logo.png","url":"\/logo.png","width":600,"height":60}},"image":null,"wordCount":276,"keywords":null},{"@type":"Article","@id":"https:\/\/www.reccr.cz\/zaradte-se-sami-do-te-spravne-skupiny\/","headline":"Za\u0159a\u010fte se sami do t\u00e9 spr\u00e1vn\u00e9 skupiny","url":"https:\/\/www.reccr.cz\/zaradte-se-sami-do-te-spravne-skupiny\/","datePublished":"2024-04-09","dateModified":"2024-04-09","mainEntityOfPage":"https:\/\/www.reccr.cz\/zaradte-se-sami-do-te-spravne-skupiny\/","author":{"@type":"Person","@id":"https:\/\/www.reccr.cz\/author\/#Person","name":"","url":"https:\/\/www.reccr.cz\/author\/","identifier":1,"image":{"@type":"ImageObject","@id":"https:\/\/secure.gravatar.com\/avatar\/f7b3e8bb7f7cc0c6ca940e74a10b952be4c7d81de8a980387c865f88889f02e3?s=96&d=mm&r=g","url":"https:\/\/secure.gravatar.com\/avatar\/f7b3e8bb7f7cc0c6ca940e74a10b952be4c7d81de8a980387c865f88889f02e3?s=96&d=mm&r=g","height":96,"width":96}},"publisher":{"@type":"Organization","name":"reccr.cz","logo":{"@type":"ImageObject","@id":"\/logo.png","url":"\/logo.png","width":600,"height":60}},"image":null,"wordCount":275,"keywords":null}]},{"@context":"https:\/\/schema.org","@type":"WebSite","@id":"https:\/\/www.reccr.cz\/#website","name":"Reccr","url":"https:\/\/www.reccr.cz","potentialAction":{"@type":"SearchAction","target":"https:\/\/www.reccr.cz\/?s={search_term_string}","query-input":"required name=search_term_string"}}]