[{"@context":"https:\/\/schema.org\/","@type":"Blog","@id":"https:\/\/www.reccr.cz#Blog","headline":"Reccr","description":"\nNa internetu se lze setkat s\u00a0leck\u00fdm a lec\u010d\u00edm. A jestli chcete, aby \u0161lo v\u00fdhradn\u011b o setk\u00e1n\u00ed p\u0159\u00edjemn\u00e1, nem\u011bli byste se vyhnout n\u00e1v\u0161t\u011bv\u011b na\u0161eho webu.","url":"https:\/\/www.reccr.cz","hasPart":[{"@type":"Article","@id":"https:\/\/www.reccr.cz\/propagace-stavebni-firmy-zamerene-na-rekonstrukce-bytovych-jader\/","headline":"Propagace stavebn\u00ed firmy zam\u011b\u0159en\u00e9 na rekonstrukce bytov\u00fdch jader","url":"https:\/\/www.reccr.cz\/propagace-stavebni-firmy-zamerene-na-rekonstrukce-bytovych-jader\/","datePublished":"2025-07-01","dateModified":"2025-07-01","mainEntityOfPage":"https:\/\/www.reccr.cz\/propagace-stavebni-firmy-zamerene-na-rekonstrukce-bytovych-jader\/","author":{"@type":"Person","@id":"https:\/\/www.reccr.cz\/author\/#Person","name":"","url":"https:\/\/www.reccr.cz\/author\/","identifier":1,"image":{"@type":"ImageObject","@id":"https:\/\/secure.gravatar.com\/avatar\/f7b3e8bb7f7cc0c6ca940e74a10b952be4c7d81de8a980387c865f88889f02e3?s=96&d=mm&r=g","url":"https:\/\/secure.gravatar.com\/avatar\/f7b3e8bb7f7cc0c6ca940e74a10b952be4c7d81de8a980387c865f88889f02e3?s=96&d=mm&r=g","height":96,"width":96}},"publisher":{"@type":"Organization","name":"reccr.cz","logo":{"@type":"ImageObject","@id":"\/logo.png","url":"\/logo.png","width":600,"height":60}},"image":{"@type":"ImageObject","@id":"https:\/\/www.reccr.cz\/wp-content\/uploads\/analytics-2618277_640_9.jpg","url":"https:\/\/www.reccr.cz\/wp-content\/uploads\/analytics-2618277_640_9.jpg","height":0,"width":0},"wordCount":513,"keywords":null},{"@type":"Article","@id":"https:\/\/www.reccr.cz\/dvere-ktere-maji-v-sobe-eleganci\/","headline":"Dve\u0159e, kter\u00e9 maj\u00ed v sob\u011b eleganci","url":"https:\/\/www.reccr.cz\/dvere-ktere-maji-v-sobe-eleganci\/","datePublished":"2025-06-12","dateModified":"2025-06-12","mainEntityOfPage":"https:\/\/www.reccr.cz\/dvere-ktere-maji-v-sobe-eleganci\/","author":{"@type":"Person","@id":"https:\/\/www.reccr.cz\/author\/#Person","name":"","url":"https:\/\/www.reccr.cz\/author\/","identifier":1,"image":{"@type":"ImageObject","@id":"https:\/\/secure.gravatar.com\/avatar\/f7b3e8bb7f7cc0c6ca940e74a10b952be4c7d81de8a980387c865f88889f02e3?s=96&d=mm&r=g","url":"https:\/\/secure.gravatar.com\/avatar\/f7b3e8bb7f7cc0c6ca940e74a10b952be4c7d81de8a980387c865f88889f02e3?s=96&d=mm&r=g","height":96,"width":96}},"publisher":{"@type":"Organization","name":"reccr.cz","logo":{"@type":"ImageObject","@id":"\/logo.png","url":"\/logo.png","width":600,"height":60}},"image":{"@type":"ImageObject","@id":"https:\/\/www.reccr.cz\/wp-content\/uploads\/prosklen%C3%A9%20vchodov%C3%A9%20dve%C5%99e.jpg","url":"https:\/\/www.reccr.cz\/wp-content\/uploads\/prosklen%C3%A9%20vchodov%C3%A9%20dve%C5%99e.jpg","height":0,"width":0},"wordCount":659,"keywords":null},{"@type":"Article","@id":"https:\/\/www.reccr.cz\/budete-zaskoceni-tryskovym-ucinkem\/","headline":"Budete zasko\u010deni tryskov\u00fdm \u00fa\u010dinkem","url":"https:\/\/www.reccr.cz\/budete-zaskoceni-tryskovym-ucinkem\/","datePublished":"2025-04-23","dateModified":"2025-04-23","mainEntityOfPage":"https:\/\/www.reccr.cz\/budete-zaskoceni-tryskovym-ucinkem\/","author":{"@type":"Person","@id":"https:\/\/www.reccr.cz\/author\/#Person","name":"","url":"https:\/\/www.reccr.cz\/author\/","identifier":1,"image":{"@type":"ImageObject","@id":"https:\/\/secure.gravatar.com\/avatar\/f7b3e8bb7f7cc0c6ca940e74a10b952be4c7d81de8a980387c865f88889f02e3?s=96&d=mm&r=g","url":"https:\/\/secure.gravatar.com\/avatar\/f7b3e8bb7f7cc0c6ca940e74a10b952be4c7d81de8a980387c865f88889f02e3?s=96&d=mm&r=g","height":96,"width":96}},"publisher":{"@type":"Organization","name":"reccr.cz","logo":{"@type":"ImageObject","@id":"\/logo.png","url":"\/logo.png","width":600,"height":60}},"image":null,"wordCount":240,"keywords":null},{"@type":"Article","@id":"https:\/\/www.reccr.cz\/snadny-vjezd-na-pozemek\/","headline":"Snadn\u00fd vjezd na pozemek","url":"https:\/\/www.reccr.cz\/snadny-vjezd-na-pozemek\/","datePublished":"2025-04-20","dateModified":"2025-04-20","mainEntityOfPage":"https:\/\/www.reccr.cz\/snadny-vjezd-na-pozemek\/","author":{"@type":"Person","@id":"https:\/\/www.reccr.cz\/author\/#Person","name":"","url":"https:\/\/www.reccr.cz\/author\/","identifier":1,"image":{"@type":"ImageObject","@id":"https:\/\/secure.gravatar.com\/avatar\/f7b3e8bb7f7cc0c6ca940e74a10b952be4c7d81de8a980387c865f88889f02e3?s=96&d=mm&r=g","url":"https:\/\/secure.gravatar.com\/avatar\/f7b3e8bb7f7cc0c6ca940e74a10b952be4c7d81de8a980387c865f88889f02e3?s=96&d=mm&r=g","height":96,"width":96}},"publisher":{"@type":"Organization","name":"reccr.cz","logo":{"@type":"ImageObject","@id":"\/logo.png","url":"\/logo.png","width":600,"height":60}},"image":{"@type":"ImageObject","@id":"https:\/\/www.reccr.cz\/wp-content\/uploads\/pexels-fotios-photos-32025560.jpg","url":"https:\/\/www.reccr.cz\/wp-content\/uploads\/pexels-fotios-photos-32025560.jpg","height":0,"width":0},"wordCount":551,"keywords":null},{"@type":"Article","@id":"https:\/\/www.reccr.cz\/kvalitni-moderni-a-elegantni\/","headline":"Kvalitn\u00ed, modern\u00ed a elegantn\u00ed","url":"https:\/\/www.reccr.cz\/kvalitni-moderni-a-elegantni\/","datePublished":"2025-04-14","dateModified":"2025-04-14","mainEntityOfPage":"https:\/\/www.reccr.cz\/kvalitni-moderni-a-elegantni\/","author":{"@type":"Person","@id":"https:\/\/www.reccr.cz\/author\/#Person","name":"","url":"https:\/\/www.reccr.cz\/author\/","identifier":1,"image":{"@type":"ImageObject","@id":"https:\/\/secure.gravatar.com\/avatar\/f7b3e8bb7f7cc0c6ca940e74a10b952be4c7d81de8a980387c865f88889f02e3?s=96&d=mm&r=g","url":"https:\/\/secure.gravatar.com\/avatar\/f7b3e8bb7f7cc0c6ca940e74a10b952be4c7d81de8a980387c865f88889f02e3?s=96&d=mm&r=g","height":96,"width":96}},"publisher":{"@type":"Organization","name":"reccr.cz","logo":{"@type":"ImageObject","@id":"\/logo.png","url":"\/logo.png","width":600,"height":60}},"image":null,"wordCount":214,"keywords":null},{"@type":"Article","@id":"https:\/\/www.reccr.cz\/nebojte-se-konopnych-vyrobku\/","headline":"Nebojte se konopn\u00fdch v\u00fdrobk\u016f","url":"https:\/\/www.reccr.cz\/nebojte-se-konopnych-vyrobku\/","datePublished":"2025-04-07","dateModified":"2025-04-07","mainEntityOfPage":"https:\/\/www.reccr.cz\/nebojte-se-konopnych-vyrobku\/","author":{"@type":"Person","@id":"https:\/\/www.reccr.cz\/author\/#Person","name":"","url":"https:\/\/www.reccr.cz\/author\/","identifier":1,"image":{"@type":"ImageObject","@id":"https:\/\/secure.gravatar.com\/avatar\/f7b3e8bb7f7cc0c6ca940e74a10b952be4c7d81de8a980387c865f88889f02e3?s=96&d=mm&r=g","url":"https:\/\/secure.gravatar.com\/avatar\/f7b3e8bb7f7cc0c6ca940e74a10b952be4c7d81de8a980387c865f88889f02e3?s=96&d=mm&r=g","height":96,"width":96}},"publisher":{"@type":"Organization","name":"reccr.cz","logo":{"@type":"ImageObject","@id":"\/logo.png","url":"\/logo.png","width":600,"height":60}},"image":null,"wordCount":227,"keywords":null},{"@type":"Article","@id":"https:\/\/www.reccr.cz\/znate-vuz-volkswagen-transporter-t2\/","headline":"Zn\u00e1te v\u016fz Volkswagen Transport\u00e9r T2","url":"https:\/\/www.reccr.cz\/znate-vuz-volkswagen-transporter-t2\/","datePublished":"2025-04-01","dateModified":"2025-04-01","mainEntityOfPage":"https:\/\/www.reccr.cz\/znate-vuz-volkswagen-transporter-t2\/","author":{"@type":"Person","@id":"https:\/\/www.reccr.cz\/author\/#Person","name":"","url":"https:\/\/www.reccr.cz\/author\/","identifier":1,"image":{"@type":"ImageObject","@id":"https:\/\/secure.gravatar.com\/avatar\/f7b3e8bb7f7cc0c6ca940e74a10b952be4c7d81de8a980387c865f88889f02e3?s=96&d=mm&r=g","url":"https:\/\/secure.gravatar.com\/avatar\/f7b3e8bb7f7cc0c6ca940e74a10b952be4c7d81de8a980387c865f88889f02e3?s=96&d=mm&r=g","height":96,"width":96}},"publisher":{"@type":"Organization","name":"reccr.cz","logo":{"@type":"ImageObject","@id":"\/logo.png","url":"\/logo.png","width":600,"height":60}},"image":{"@type":"ImageObject","@id":"https:\/\/www.reccr.cz\/wp-content\/uploads\/volkswagen-7356817_640_4.jpg","url":"https:\/\/www.reccr.cz\/wp-content\/uploads\/volkswagen-7356817_640_4.jpg","height":0,"width":0},"wordCount":594,"keywords":null},{"@type":"Article","@id":"https:\/\/www.reccr.cz\/vedeni-ucetnictvi\/","headline":"Veden\u00ed \u00fa\u010detnictv\u00ed","url":"https:\/\/www.reccr.cz\/vedeni-ucetnictvi\/","datePublished":"2025-03-30","dateModified":"2025-03-30","mainEntityOfPage":"https:\/\/www.reccr.cz\/vedeni-ucetnictvi\/","author":{"@type":"Person","@id":"https:\/\/www.reccr.cz\/author\/#Person","name":"","url":"https:\/\/www.reccr.cz\/author\/","identifier":1,"image":{"@type":"ImageObject","@id":"https:\/\/secure.gravatar.com\/avatar\/f7b3e8bb7f7cc0c6ca940e74a10b952be4c7d81de8a980387c865f88889f02e3?s=96&d=mm&r=g","url":"https:\/\/secure.gravatar.com\/avatar\/f7b3e8bb7f7cc0c6ca940e74a10b952be4c7d81de8a980387c865f88889f02e3?s=96&d=mm&r=g","height":96,"width":96}},"publisher":{"@type":"Organization","name":"reccr.cz","logo":{"@type":"ImageObject","@id":"\/logo.png","url":"\/logo.png","width":600,"height":60}},"image":null,"wordCount":203,"keywords":null},{"@type":"Article","@id":"https:\/\/www.reccr.cz\/zubare-muzete-mit-radi\/","headline":"Zuba\u0159e m\u016f\u017eete m\u00edt r\u00e1di","url":"https:\/\/www.reccr.cz\/zubare-muzete-mit-radi\/","datePublished":"2025-03-24","dateModified":"2025-03-24","mainEntityOfPage":"https:\/\/www.reccr.cz\/zubare-muzete-mit-radi\/","author":{"@type":"Person","@id":"https:\/\/www.reccr.cz\/author\/#Person","name":"","url":"https:\/\/www.reccr.cz\/author\/","identifier":1,"image":{"@type":"ImageObject","@id":"https:\/\/secure.gravatar.com\/avatar\/f7b3e8bb7f7cc0c6ca940e74a10b952be4c7d81de8a980387c865f88889f02e3?s=96&d=mm&r=g","url":"https:\/\/secure.gravatar.com\/avatar\/f7b3e8bb7f7cc0c6ca940e74a10b952be4c7d81de8a980387c865f88889f02e3?s=96&d=mm&r=g","height":96,"width":96}},"publisher":{"@type":"Organization","name":"reccr.cz","logo":{"@type":"ImageObject","@id":"\/logo.png","url":"\/logo.png","width":600,"height":60}},"image":{"@type":"ImageObject","@id":"https:\/\/www.reccr.cz\/wp-content\/uploads\/chair-2589770_640_1.jpg","url":"https:\/\/www.reccr.cz\/wp-content\/uploads\/chair-2589770_640_1.jpg","height":0,"width":0},"wordCount":641,"keywords":null},{"@type":"Article","@id":"https:\/\/www.reccr.cz\/pomuzeme-vam-pri-zarizovani-interieru-se-spravnym-rozhodnutim\/","headline":"Pom\u016f\u017eeme V\u00e1m p\u0159i za\u0159izov\u00e1n\u00ed interi\u00e9ru se spr\u00e1vn\u00fdm rozhodnut\u00edm","url":"https:\/\/www.reccr.cz\/pomuzeme-vam-pri-zarizovani-interieru-se-spravnym-rozhodnutim\/","datePublished":"2025-03-22","dateModified":"2025-03-22","mainEntityOfPage":"https:\/\/www.reccr.cz\/pomuzeme-vam-pri-zarizovani-interieru-se-spravnym-rozhodnutim\/","author":{"@type":"Person","@id":"https:\/\/www.reccr.cz\/author\/#Person","name":"","url":"https:\/\/www.reccr.cz\/author\/","identifier":1,"image":{"@type":"ImageObject","@id":"https:\/\/secure.gravatar.com\/avatar\/f7b3e8bb7f7cc0c6ca940e74a10b952be4c7d81de8a980387c865f88889f02e3?s=96&d=mm&r=g","url":"https:\/\/secure.gravatar.com\/avatar\/f7b3e8bb7f7cc0c6ca940e74a10b952be4c7d81de8a980387c865f88889f02e3?s=96&d=mm&r=g","height":96,"width":96}},"publisher":{"@type":"Organization","name":"reccr.cz","logo":{"@type":"ImageObject","@id":"\/logo.png","url":"\/logo.png","width":600,"height":60}},"image":null,"wordCount":251,"keywords":null}]},{"@context":"https:\/\/schema.org","@type":"WebSite","@id":"https:\/\/www.reccr.cz\/#website","name":"Reccr","url":"https:\/\/www.reccr.cz","potentialAction":{"@type":"SearchAction","target":"https:\/\/www.reccr.cz\/?s={search_term_string}","query-input":"required name=search_term_string"}}]