[{"@context":"https:\/\/schema.org\/","@type":"Blog","@id":"https:\/\/www.reccr.cz#Blog","headline":"Reccr","description":"\nNa internetu se lze setkat s\u00a0leck\u00fdm a lec\u010d\u00edm. A jestli chcete, aby \u0161lo v\u00fdhradn\u011b o setk\u00e1n\u00ed p\u0159\u00edjemn\u00e1, nem\u011bli byste se vyhnout n\u00e1v\u0161t\u011bv\u011b na\u0161eho webu.","url":"https:\/\/www.reccr.cz","hasPart":[{"@type":"Article","@id":"https:\/\/www.reccr.cz\/palet-je-vice-druhu-nez-si-myslite\/","headline":"Palet je v\u00edce druh\u016f, ne\u017e si mysl\u00edte","url":"https:\/\/www.reccr.cz\/palet-je-vice-druhu-nez-si-myslite\/","datePublished":"2018-09-18","dateModified":"2024-03-05","mainEntityOfPage":"https:\/\/www.reccr.cz\/palet-je-vice-druhu-nez-si-myslite\/","author":{"@type":"Person","@id":"https:\/\/www.reccr.cz\/author\/#Person","name":"","url":"https:\/\/www.reccr.cz\/author\/","identifier":1,"image":{"@type":"ImageObject","@id":"https:\/\/secure.gravatar.com\/avatar\/f7b3e8bb7f7cc0c6ca940e74a10b952be4c7d81de8a980387c865f88889f02e3?s=96&d=mm&r=g","url":"https:\/\/secure.gravatar.com\/avatar\/f7b3e8bb7f7cc0c6ca940e74a10b952be4c7d81de8a980387c865f88889f02e3?s=96&d=mm&r=g","height":96,"width":96}},"publisher":{"@type":"Organization","name":"reccr.cz","logo":{"@type":"ImageObject","@id":"\/logo.png","url":"\/logo.png","width":600,"height":60}},"image":{"@type":"ImageObject","@id":"https:\/\/www.reccr.cz\/wp-content\/uploads\/img_a325919_w1765_t1538119473.jpg","url":"https:\/\/www.reccr.cz\/wp-content\/uploads\/img_a325919_w1765_t1538119473.jpg","height":0,"width":0},"wordCount":514,"keywords":null},{"@type":"Article","@id":"https:\/\/www.reccr.cz\/led-technologie-ma-zelenou\/","headline":"LED technologie m\u00e1 zelenou","url":"https:\/\/www.reccr.cz\/led-technologie-ma-zelenou\/","datePublished":"2018-08-07","dateModified":"2023-05-29","mainEntityOfPage":"https:\/\/www.reccr.cz\/led-technologie-ma-zelenou\/","author":{"@type":"Person","@id":"https:\/\/www.reccr.cz\/author\/#Person","name":"","url":"https:\/\/www.reccr.cz\/author\/","identifier":1,"image":{"@type":"ImageObject","@id":"https:\/\/secure.gravatar.com\/avatar\/f7b3e8bb7f7cc0c6ca940e74a10b952be4c7d81de8a980387c865f88889f02e3?s=96&d=mm&r=g","url":"https:\/\/secure.gravatar.com\/avatar\/f7b3e8bb7f7cc0c6ca940e74a10b952be4c7d81de8a980387c865f88889f02e3?s=96&d=mm&r=g","height":96,"width":96}},"publisher":{"@type":"Organization","name":"reccr.cz","logo":{"@type":"ImageObject","@id":"\/logo.png","url":"\/logo.png","width":600,"height":60}},"image":{"@type":"ImageObject","@id":"https:\/\/www.reccr.cz\/wp-content\/uploads\/img_a323547_w2557_t1535257550.jpg","url":"https:\/\/www.reccr.cz\/wp-content\/uploads\/img_a323547_w2557_t1535257550.jpg","height":0,"width":0},"wordCount":461,"keywords":null},{"@type":"Article","@id":"https:\/\/www.reccr.cz\/usnadnete-si-praci-s-udrzbou-bazenove-vody\/","headline":"Usnadn\u011bte si pr\u00e1ci s \u00fadr\u017ebou baz\u00e9nov\u00e9 vody","url":"https:\/\/www.reccr.cz\/usnadnete-si-praci-s-udrzbou-bazenove-vody\/","datePublished":"2018-07-09","dateModified":"2023-05-29","mainEntityOfPage":"https:\/\/www.reccr.cz\/usnadnete-si-praci-s-udrzbou-bazenove-vody\/","author":{"@type":"Person","@id":"https:\/\/www.reccr.cz\/author\/#Person","name":"","url":"https:\/\/www.reccr.cz\/author\/","identifier":1,"image":{"@type":"ImageObject","@id":"https:\/\/secure.gravatar.com\/avatar\/f7b3e8bb7f7cc0c6ca940e74a10b952be4c7d81de8a980387c865f88889f02e3?s=96&d=mm&r=g","url":"https:\/\/secure.gravatar.com\/avatar\/f7b3e8bb7f7cc0c6ca940e74a10b952be4c7d81de8a980387c865f88889f02e3?s=96&d=mm&r=g","height":96,"width":96}},"publisher":{"@type":"Organization","name":"reccr.cz","logo":{"@type":"ImageObject","@id":"\/logo.png","url":"\/logo.png","width":600,"height":60}},"image":{"@type":"ImageObject","@id":"https:\/\/www.reccr.cz\/wp-content\/uploads\/img_a324592_w2500_t1536481834.jpg","url":"https:\/\/www.reccr.cz\/wp-content\/uploads\/img_a324592_w2500_t1536481834.jpg","height":0,"width":0},"wordCount":4551,"keywords":null},{"@type":"Article","@id":"https:\/\/www.reccr.cz\/roztomily-spolecnik\/","headline":"Roztomil\u00fd spole\u010dn\u00edk","url":"https:\/\/www.reccr.cz\/roztomily-spolecnik\/","datePublished":"2018-06-17","dateModified":"2023-05-29","mainEntityOfPage":"https:\/\/www.reccr.cz\/roztomily-spolecnik\/","author":{"@type":"Person","@id":"https:\/\/www.reccr.cz\/author\/#Person","name":"","url":"https:\/\/www.reccr.cz\/author\/","identifier":1,"image":{"@type":"ImageObject","@id":"https:\/\/secure.gravatar.com\/avatar\/f7b3e8bb7f7cc0c6ca940e74a10b952be4c7d81de8a980387c865f88889f02e3?s=96&d=mm&r=g","url":"https:\/\/secure.gravatar.com\/avatar\/f7b3e8bb7f7cc0c6ca940e74a10b952be4c7d81de8a980387c865f88889f02e3?s=96&d=mm&r=g","height":96,"width":96}},"publisher":{"@type":"Organization","name":"reccr.cz","logo":{"@type":"ImageObject","@id":"\/logo.png","url":"\/logo.png","width":600,"height":60}},"image":{"@type":"ImageObject","@id":"https:\/\/www.reccr.cz\/wp-content\/uploads\/img_a320364_w1959_t1531644958.jpg","url":"https:\/\/www.reccr.cz\/wp-content\/uploads\/img_a320364_w1959_t1531644958.jpg","height":0,"width":0},"wordCount":501,"keywords":null},{"@type":"Article","@id":"https:\/\/www.reccr.cz\/prostor-v-malem-bytu\/","headline":"Prostor v mal\u00e9m bytu","url":"https:\/\/www.reccr.cz\/prostor-v-malem-bytu\/","datePublished":"2018-06-07","dateModified":"2023-05-29","mainEntityOfPage":"https:\/\/www.reccr.cz\/prostor-v-malem-bytu\/","author":{"@type":"Person","@id":"https:\/\/www.reccr.cz\/author\/#Person","name":"","url":"https:\/\/www.reccr.cz\/author\/","identifier":1,"image":{"@type":"ImageObject","@id":"https:\/\/secure.gravatar.com\/avatar\/f7b3e8bb7f7cc0c6ca940e74a10b952be4c7d81de8a980387c865f88889f02e3?s=96&d=mm&r=g","url":"https:\/\/secure.gravatar.com\/avatar\/f7b3e8bb7f7cc0c6ca940e74a10b952be4c7d81de8a980387c865f88889f02e3?s=96&d=mm&r=g","height":96,"width":96}},"publisher":{"@type":"Organization","name":"reccr.cz","logo":{"@type":"ImageObject","@id":"\/logo.png","url":"\/logo.png","width":600,"height":60}},"image":{"@type":"ImageObject","@id":"https:\/\/www.reccr.cz\/wp-content\/uploads\/img_a321109_w2089_t1532284654.jpg","url":"https:\/\/www.reccr.cz\/wp-content\/uploads\/img_a321109_w2089_t1532284654.jpg","height":0,"width":0},"wordCount":4449,"keywords":null},{"@type":"Article","@id":"https:\/\/www.reccr.cz\/svizelnou-situaci-muze-vyresit-nebankovni-hypoteka\/","headline":"Sv\u00edzelnou situaci m\u016f\u017ee vy\u0159e\u0161it nebankovn\u00ed hypot\u00e9ka","url":"https:\/\/www.reccr.cz\/svizelnou-situaci-muze-vyresit-nebankovni-hypoteka\/","datePublished":"2018-05-21","dateModified":"2023-05-29","mainEntityOfPage":"https:\/\/www.reccr.cz\/svizelnou-situaci-muze-vyresit-nebankovni-hypoteka\/","author":{"@type":"Person","@id":"https:\/\/www.reccr.cz\/author\/#Person","name":"","url":"https:\/\/www.reccr.cz\/author\/","identifier":1,"image":{"@type":"ImageObject","@id":"https:\/\/secure.gravatar.com\/avatar\/f7b3e8bb7f7cc0c6ca940e74a10b952be4c7d81de8a980387c865f88889f02e3?s=96&d=mm&r=g","url":"https:\/\/secure.gravatar.com\/avatar\/f7b3e8bb7f7cc0c6ca940e74a10b952be4c7d81de8a980387c865f88889f02e3?s=96&d=mm&r=g","height":96,"width":96}},"publisher":{"@type":"Organization","name":"reccr.cz","logo":{"@type":"ImageObject","@id":"\/logo.png","url":"\/logo.png","width":600,"height":60}},"image":{"@type":"ImageObject","@id":"https:\/\/www.reccr.cz\/wp-content\/uploads\/img_a318152_w2204_t1528904155.jpg","url":"https:\/\/www.reccr.cz\/wp-content\/uploads\/img_a318152_w2204_t1528904155.jpg","height":0,"width":0},"wordCount":611,"keywords":null},{"@type":"Article","@id":"https:\/\/www.reccr.cz\/poklopy\/","headline":"Poklopy","url":"https:\/\/www.reccr.cz\/poklopy\/","datePublished":"2017-12-16","dateModified":"2023-05-29","mainEntityOfPage":"https:\/\/www.reccr.cz\/poklopy\/","author":{"@type":"Person","@id":"https:\/\/www.reccr.cz\/author\/#Person","name":"","url":"https:\/\/www.reccr.cz\/author\/","identifier":1,"image":{"@type":"ImageObject","@id":"https:\/\/secure.gravatar.com\/avatar\/f7b3e8bb7f7cc0c6ca940e74a10b952be4c7d81de8a980387c865f88889f02e3?s=96&d=mm&r=g","url":"https:\/\/secure.gravatar.com\/avatar\/f7b3e8bb7f7cc0c6ca940e74a10b952be4c7d81de8a980387c865f88889f02e3?s=96&d=mm&r=g","height":96,"width":96}},"publisher":{"@type":"Organization","name":"reccr.cz","logo":{"@type":"ImageObject","@id":"\/logo.png","url":"\/logo.png","width":600,"height":60}},"image":{"@type":"ImageObject","@id":"https:\/\/www.reccr.cz\/wp-content\/uploads\/img_a306596_w2315_t1517907024.jpg","url":"https:\/\/www.reccr.cz\/wp-content\/uploads\/img_a306596_w2315_t1517907024.jpg","height":0,"width":0},"wordCount":505,"keywords":null},{"@type":"Article","@id":"https:\/\/www.reccr.cz\/vsadte-na-osvedcene-reseni\/","headline":"Vsa\u010fte na osv\u011bd\u010den\u00e9 \u0159e\u0161en\u00ed","url":"https:\/\/www.reccr.cz\/vsadte-na-osvedcene-reseni\/","datePublished":"2017-11-09","dateModified":"2023-05-29","mainEntityOfPage":"https:\/\/www.reccr.cz\/vsadte-na-osvedcene-reseni\/","author":{"@type":"Person","@id":"https:\/\/www.reccr.cz\/author\/#Person","name":"","url":"https:\/\/www.reccr.cz\/author\/","identifier":1,"image":{"@type":"ImageObject","@id":"https:\/\/secure.gravatar.com\/avatar\/f7b3e8bb7f7cc0c6ca940e74a10b952be4c7d81de8a980387c865f88889f02e3?s=96&d=mm&r=g","url":"https:\/\/secure.gravatar.com\/avatar\/f7b3e8bb7f7cc0c6ca940e74a10b952be4c7d81de8a980387c865f88889f02e3?s=96&d=mm&r=g","height":96,"width":96}},"publisher":{"@type":"Organization","name":"reccr.cz","logo":{"@type":"ImageObject","@id":"\/logo.png","url":"\/logo.png","width":600,"height":60}},"image":{"@type":"ImageObject","@id":"https:\/\/www.reccr.cz\/wp-content\/uploads\/img_a313103_w2183_t1523786419.jpg","url":"https:\/\/www.reccr.cz\/wp-content\/uploads\/img_a313103_w2183_t1523786419.jpg","height":0,"width":0},"wordCount":490,"keywords":null},{"@type":"Article","@id":"https:\/\/www.reccr.cz\/dovolena-autobusem-uz-neni-za-trest\/","headline":"Dovolen\u00e1 autobusem u\u017e nen\u00ed za trest","url":"https:\/\/www.reccr.cz\/dovolena-autobusem-uz-neni-za-trest\/","datePublished":"2017-04-21","dateModified":"2023-05-29","mainEntityOfPage":"https:\/\/www.reccr.cz\/dovolena-autobusem-uz-neni-za-trest\/","author":{"@type":"Person","@id":"https:\/\/www.reccr.cz\/author\/#Person","name":"","url":"https:\/\/www.reccr.cz\/author\/","identifier":1,"image":{"@type":"ImageObject","@id":"https:\/\/secure.gravatar.com\/avatar\/f7b3e8bb7f7cc0c6ca940e74a10b952be4c7d81de8a980387c865f88889f02e3?s=96&d=mm&r=g","url":"https:\/\/secure.gravatar.com\/avatar\/f7b3e8bb7f7cc0c6ca940e74a10b952be4c7d81de8a980387c865f88889f02e3?s=96&d=mm&r=g","height":96,"width":96}},"publisher":{"@type":"Organization","name":"reccr.cz","logo":{"@type":"ImageObject","@id":"\/logo.png","url":"\/logo.png","width":600,"height":60}},"image":{"@type":"ImageObject","@id":"https:\/\/www.reccr.cz\/wp-content\/uploads\/img_a286884_w2055_t1497195397.jpg","url":"https:\/\/www.reccr.cz\/wp-content\/uploads\/img_a286884_w2055_t1497195397.jpg","height":0,"width":0},"wordCount":519,"keywords":null},{"@type":"Article","@id":"https:\/\/www.reccr.cz\/leto-vysoke-teploty-ktere-jeste-stoupaji-a-poteseni-ze-studene-vody\/","headline":"L\u00e9to, vysok\u00e9 teploty, kter\u00e9 je\u0161t\u011b stoupaj\u00ed a pot\u011b\u0161en\u00ed ze studen\u00e9 vody","url":"https:\/\/www.reccr.cz\/leto-vysoke-teploty-ktere-jeste-stoupaji-a-poteseni-ze-studene-vody\/","datePublished":"2017-04-10","dateModified":"2023-05-29","mainEntityOfPage":"https:\/\/www.reccr.cz\/leto-vysoke-teploty-ktere-jeste-stoupaji-a-poteseni-ze-studene-vody\/","author":{"@type":"Person","@id":"https:\/\/www.reccr.cz\/author\/#Person","name":"","url":"https:\/\/www.reccr.cz\/author\/","identifier":1,"image":{"@type":"ImageObject","@id":"https:\/\/secure.gravatar.com\/avatar\/f7b3e8bb7f7cc0c6ca940e74a10b952be4c7d81de8a980387c865f88889f02e3?s=96&d=mm&r=g","url":"https:\/\/secure.gravatar.com\/avatar\/f7b3e8bb7f7cc0c6ca940e74a10b952be4c7d81de8a980387c865f88889f02e3?s=96&d=mm&r=g","height":96,"width":96}},"publisher":{"@type":"Organization","name":"reccr.cz","logo":{"@type":"ImageObject","@id":"\/logo.png","url":"\/logo.png","width":600,"height":60}},"image":{"@type":"ImageObject","@id":"https:\/\/www.reccr.cz\/wp-content\/uploads\/img_a287523_w2195_t1498128655.jpg","url":"https:\/\/www.reccr.cz\/wp-content\/uploads\/img_a287523_w2195_t1498128655.jpg","height":0,"width":0},"wordCount":550,"keywords":null}]},{"@context":"https:\/\/schema.org","@type":"WebSite","@id":"https:\/\/www.reccr.cz\/#website","name":"Reccr","url":"https:\/\/www.reccr.cz","potentialAction":{"@type":"SearchAction","target":"https:\/\/www.reccr.cz\/?s={search_term_string}","query-input":"required name=search_term_string"}}]