[{"@context":"https:\/\/schema.org\/","@type":"Blog","@id":"https:\/\/www.reccr.cz#Blog","headline":"Reccr","description":"\nNa internetu se lze setkat s\u00a0leck\u00fdm a lec\u010d\u00edm. A jestli chcete, aby \u0161lo v\u00fdhradn\u011b o setk\u00e1n\u00ed p\u0159\u00edjemn\u00e1, nem\u011bli byste se vyhnout n\u00e1v\u0161t\u011bv\u011b na\u0161eho webu.","url":"https:\/\/www.reccr.cz","hasPart":[{"@type":"Article","@id":"https:\/\/www.reccr.cz\/dokonale-darky-ktere-si-vase-deti-zaslouzi\/","headline":"Dokonal\u00e9 d\u00e1rky, kter\u00e9 si Va\u0161e d\u011bti zaslou\u017e\u00ed","url":"https:\/\/www.reccr.cz\/dokonale-darky-ktere-si-vase-deti-zaslouzi\/","datePublished":"2020-01-05","dateModified":"2024-07-07","mainEntityOfPage":"https:\/\/www.reccr.cz\/dokonale-darky-ktere-si-vase-deti-zaslouzi\/","author":{"@type":"Person","@id":"https:\/\/www.reccr.cz\/author\/#Person","name":"","url":"https:\/\/www.reccr.cz\/author\/","identifier":1,"image":{"@type":"ImageObject","@id":"https:\/\/secure.gravatar.com\/avatar\/f7b3e8bb7f7cc0c6ca940e74a10b952be4c7d81de8a980387c865f88889f02e3?s=96&d=mm&r=g","url":"https:\/\/secure.gravatar.com\/avatar\/f7b3e8bb7f7cc0c6ca940e74a10b952be4c7d81de8a980387c865f88889f02e3?s=96&d=mm&r=g","height":96,"width":96}},"publisher":{"@type":"Organization","name":"reccr.cz","logo":{"@type":"ImageObject","@id":"\/logo.png","url":"\/logo.png","width":600,"height":60}},"image":{"@type":"ImageObject","@id":"https:\/\/www.reccr.cz\/wp-content\/uploads\/img_a378937_w3438_t1590144941.png","url":"https:\/\/www.reccr.cz\/wp-content\/uploads\/img_a378937_w3438_t1590144941.png","height":0,"width":0},"wordCount":573,"keywords":null},{"@type":"Article","@id":"https:\/\/www.reccr.cz\/cipovanim-psu-proti-mnozirnam\/","headline":"\u010cipov\u00e1n\u00edm ps\u016f proti mno\u017e\u00edrn\u00e1m","url":"https:\/\/www.reccr.cz\/cipovanim-psu-proti-mnozirnam\/","datePublished":"2019-12-23","dateModified":"2023-05-29","mainEntityOfPage":"https:\/\/www.reccr.cz\/cipovanim-psu-proti-mnozirnam\/","author":{"@type":"Person","@id":"https:\/\/www.reccr.cz\/author\/#Person","name":"","url":"https:\/\/www.reccr.cz\/author\/","identifier":1,"image":{"@type":"ImageObject","@id":"https:\/\/secure.gravatar.com\/avatar\/f7b3e8bb7f7cc0c6ca940e74a10b952be4c7d81de8a980387c865f88889f02e3?s=96&d=mm&r=g","url":"https:\/\/secure.gravatar.com\/avatar\/f7b3e8bb7f7cc0c6ca940e74a10b952be4c7d81de8a980387c865f88889f02e3?s=96&d=mm&r=g","height":96,"width":96}},"publisher":{"@type":"Organization","name":"reccr.cz","logo":{"@type":"ImageObject","@id":"\/logo.png","url":"\/logo.png","width":600,"height":60}},"image":{"@type":"ImageObject","@id":"https:\/\/www.reccr.cz\/wp-content\/uploads\/img_a363883_w4208_t1576596386.jpg","url":"https:\/\/www.reccr.cz\/wp-content\/uploads\/img_a363883_w4208_t1576596386.jpg","height":0,"width":0},"wordCount":492,"keywords":null},{"@type":"Article","@id":"https:\/\/www.reccr.cz\/malovani-a-kresleni-na-textil\/","headline":"Malov\u00e1n\u00ed a kreslen\u00ed na textil","url":"https:\/\/www.reccr.cz\/malovani-a-kresleni-na-textil\/","datePublished":"2019-12-20","dateModified":"2023-05-29","mainEntityOfPage":"https:\/\/www.reccr.cz\/malovani-a-kresleni-na-textil\/","author":{"@type":"Person","@id":"https:\/\/www.reccr.cz\/author\/#Person","name":"","url":"https:\/\/www.reccr.cz\/author\/","identifier":1,"image":{"@type":"ImageObject","@id":"https:\/\/secure.gravatar.com\/avatar\/f7b3e8bb7f7cc0c6ca940e74a10b952be4c7d81de8a980387c865f88889f02e3?s=96&d=mm&r=g","url":"https:\/\/secure.gravatar.com\/avatar\/f7b3e8bb7f7cc0c6ca940e74a10b952be4c7d81de8a980387c865f88889f02e3?s=96&d=mm&r=g","height":96,"width":96}},"publisher":{"@type":"Organization","name":"reccr.cz","logo":{"@type":"ImageObject","@id":"\/logo.png","url":"\/logo.png","width":600,"height":60}},"image":{"@type":"ImageObject","@id":"https:\/\/www.reccr.cz\/wp-content\/uploads\/img_a363844_w4208_t1576568109.jpg","url":"https:\/\/www.reccr.cz\/wp-content\/uploads\/img_a363844_w4208_t1576568109.jpg","height":0,"width":0},"wordCount":571,"keywords":null},{"@type":"Article","@id":"https:\/\/www.reccr.cz\/cesi-nejcasteji-umiraji-na-nemoci-srdce\/","headline":"\u010ce\u0161i nej\u010dast\u011bji um\u00edraj\u00ed na nemoci srdce","url":"https:\/\/www.reccr.cz\/cesi-nejcasteji-umiraji-na-nemoci-srdce\/","datePublished":"2019-12-18","dateModified":"2023-05-29","mainEntityOfPage":"https:\/\/www.reccr.cz\/cesi-nejcasteji-umiraji-na-nemoci-srdce\/","author":{"@type":"Person","@id":"https:\/\/www.reccr.cz\/author\/#Person","name":"","url":"https:\/\/www.reccr.cz\/author\/","identifier":1,"image":{"@type":"ImageObject","@id":"https:\/\/secure.gravatar.com\/avatar\/f7b3e8bb7f7cc0c6ca940e74a10b952be4c7d81de8a980387c865f88889f02e3?s=96&d=mm&r=g","url":"https:\/\/secure.gravatar.com\/avatar\/f7b3e8bb7f7cc0c6ca940e74a10b952be4c7d81de8a980387c865f88889f02e3?s=96&d=mm&r=g","height":96,"width":96}},"publisher":{"@type":"Organization","name":"reccr.cz","logo":{"@type":"ImageObject","@id":"\/logo.png","url":"\/logo.png","width":600,"height":60}},"image":{"@type":"ImageObject","@id":"https:\/\/www.reccr.cz\/wp-content\/uploads\/img_a364008_w4345_t1576743244.jpg","url":"https:\/\/www.reccr.cz\/wp-content\/uploads\/img_a364008_w4345_t1576743244.jpg","height":0,"width":0},"wordCount":452,"keywords":null},{"@type":"Article","@id":"https:\/\/www.reccr.cz\/tam-kde-lide-pomahaji\/","headline":"Tam, kde lid\u00e9 pom\u00e1haj\u00ed","url":"https:\/\/www.reccr.cz\/tam-kde-lide-pomahaji\/","datePublished":"2019-12-16","dateModified":"2023-05-29","mainEntityOfPage":"https:\/\/www.reccr.cz\/tam-kde-lide-pomahaji\/","author":{"@type":"Person","@id":"https:\/\/www.reccr.cz\/author\/#Person","name":"","url":"https:\/\/www.reccr.cz\/author\/","identifier":1,"image":{"@type":"ImageObject","@id":"https:\/\/secure.gravatar.com\/avatar\/f7b3e8bb7f7cc0c6ca940e74a10b952be4c7d81de8a980387c865f88889f02e3?s=96&d=mm&r=g","url":"https:\/\/secure.gravatar.com\/avatar\/f7b3e8bb7f7cc0c6ca940e74a10b952be4c7d81de8a980387c865f88889f02e3?s=96&d=mm&r=g","height":96,"width":96}},"publisher":{"@type":"Organization","name":"reccr.cz","logo":{"@type":"ImageObject","@id":"\/logo.png","url":"\/logo.png","width":600,"height":60}},"image":{"@type":"ImageObject","@id":"https:\/\/www.reccr.cz\/wp-content\/uploads\/img_a365889_w4208_t1578558338.jpg","url":"https:\/\/www.reccr.cz\/wp-content\/uploads\/img_a365889_w4208_t1578558338.jpg","height":0,"width":0},"wordCount":521,"keywords":null},{"@type":"Article","@id":"https:\/\/www.reccr.cz\/zvyseni-minimalni-mzdy\/","headline":"Zv\u00fd\u0161en\u00ed minim\u00e1ln\u00ed mzdy","url":"https:\/\/www.reccr.cz\/zvyseni-minimalni-mzdy\/","datePublished":"2019-12-03","dateModified":"2023-05-29","mainEntityOfPage":"https:\/\/www.reccr.cz\/zvyseni-minimalni-mzdy\/","author":{"@type":"Person","@id":"https:\/\/www.reccr.cz\/author\/#Person","name":"","url":"https:\/\/www.reccr.cz\/author\/","identifier":1,"image":{"@type":"ImageObject","@id":"https:\/\/secure.gravatar.com\/avatar\/f7b3e8bb7f7cc0c6ca940e74a10b952be4c7d81de8a980387c865f88889f02e3?s=96&d=mm&r=g","url":"https:\/\/secure.gravatar.com\/avatar\/f7b3e8bb7f7cc0c6ca940e74a10b952be4c7d81de8a980387c865f88889f02e3?s=96&d=mm&r=g","height":96,"width":96}},"publisher":{"@type":"Organization","name":"reccr.cz","logo":{"@type":"ImageObject","@id":"\/logo.png","url":"\/logo.png","width":600,"height":60}},"image":{"@type":"ImageObject","@id":"https:\/\/www.reccr.cz\/wp-content\/uploads\/img_a362827_w4208_t1575800950.jpg","url":"https:\/\/www.reccr.cz\/wp-content\/uploads\/img_a362827_w4208_t1575800950.jpg","height":0,"width":0},"wordCount":458,"keywords":null},{"@type":"Article","@id":"https:\/\/www.reccr.cz\/poridime-si-novou-televizi\/","headline":"Po\u0159\u00edd\u00edme si novou televizi?","url":"https:\/\/www.reccr.cz\/poridime-si-novou-televizi\/","datePublished":"2019-11-24","dateModified":"2023-05-29","mainEntityOfPage":"https:\/\/www.reccr.cz\/poridime-si-novou-televizi\/","author":{"@type":"Person","@id":"https:\/\/www.reccr.cz\/author\/#Person","name":"","url":"https:\/\/www.reccr.cz\/author\/","identifier":1,"image":{"@type":"ImageObject","@id":"https:\/\/secure.gravatar.com\/avatar\/f7b3e8bb7f7cc0c6ca940e74a10b952be4c7d81de8a980387c865f88889f02e3?s=96&d=mm&r=g","url":"https:\/\/secure.gravatar.com\/avatar\/f7b3e8bb7f7cc0c6ca940e74a10b952be4c7d81de8a980387c865f88889f02e3?s=96&d=mm&r=g","height":96,"width":96}},"publisher":{"@type":"Organization","name":"reccr.cz","logo":{"@type":"ImageObject","@id":"\/logo.png","url":"\/logo.png","width":600,"height":60}},"image":{"@type":"ImageObject","@id":"https:\/\/www.reccr.cz\/wp-content\/uploads\/img_a362021_w4208_t1575042656.jpg","url":"https:\/\/www.reccr.cz\/wp-content\/uploads\/img_a362021_w4208_t1575042656.jpg","height":0,"width":0},"wordCount":541,"keywords":null},{"@type":"Article","@id":"https:\/\/www.reccr.cz\/kralovna-satna\/","headline":"Kr\u00e1lovna \u0161atna","url":"https:\/\/www.reccr.cz\/kralovna-satna\/","datePublished":"2019-11-24","dateModified":"2023-05-29","mainEntityOfPage":"https:\/\/www.reccr.cz\/kralovna-satna\/","author":{"@type":"Person","@id":"https:\/\/www.reccr.cz\/author\/#Person","name":"","url":"https:\/\/www.reccr.cz\/author\/","identifier":1,"image":{"@type":"ImageObject","@id":"https:\/\/secure.gravatar.com\/avatar\/f7b3e8bb7f7cc0c6ca940e74a10b952be4c7d81de8a980387c865f88889f02e3?s=96&d=mm&r=g","url":"https:\/\/secure.gravatar.com\/avatar\/f7b3e8bb7f7cc0c6ca940e74a10b952be4c7d81de8a980387c865f88889f02e3?s=96&d=mm&r=g","height":96,"width":96}},"publisher":{"@type":"Organization","name":"reccr.cz","logo":{"@type":"ImageObject","@id":"\/logo.png","url":"\/logo.png","width":600,"height":60}},"image":{"@type":"ImageObject","@id":"https:\/\/www.reccr.cz\/wp-content\/uploads\/img_a362137_w4208_t1575107161.jpg","url":"https:\/\/www.reccr.cz\/wp-content\/uploads\/img_a362137_w4208_t1575107161.jpg","height":0,"width":0},"wordCount":498,"keywords":null},{"@type":"Article","@id":"https:\/\/www.reccr.cz\/zaciname-podnikat\/","headline":"Za\u010d\u00edn\u00e1me podnikat","url":"https:\/\/www.reccr.cz\/zaciname-podnikat\/","datePublished":"2019-11-01","dateModified":"2023-05-29","mainEntityOfPage":"https:\/\/www.reccr.cz\/zaciname-podnikat\/","author":{"@type":"Person","@id":"https:\/\/www.reccr.cz\/author\/#Person","name":"","url":"https:\/\/www.reccr.cz\/author\/","identifier":1,"image":{"@type":"ImageObject","@id":"https:\/\/secure.gravatar.com\/avatar\/f7b3e8bb7f7cc0c6ca940e74a10b952be4c7d81de8a980387c865f88889f02e3?s=96&d=mm&r=g","url":"https:\/\/secure.gravatar.com\/avatar\/f7b3e8bb7f7cc0c6ca940e74a10b952be4c7d81de8a980387c865f88889f02e3?s=96&d=mm&r=g","height":96,"width":96}},"publisher":{"@type":"Organization","name":"reccr.cz","logo":{"@type":"ImageObject","@id":"\/logo.png","url":"\/logo.png","width":600,"height":60}},"image":{"@type":"ImageObject","@id":"https:\/\/www.reccr.cz\/wp-content\/uploads\/img_a362085_w4208_t1575059120.jpg","url":"https:\/\/www.reccr.cz\/wp-content\/uploads\/img_a362085_w4208_t1575059120.jpg","height":0,"width":0},"wordCount":532,"keywords":null},{"@type":"Article","@id":"https:\/\/www.reccr.cz\/jizni-morava-raj-pro-cyklisty-i-milovniky-vina\/","headline":"Ji\u017en\u00ed Morava, r\u00e1j pro cyklisty i milovn\u00edky v\u00edna","url":"https:\/\/www.reccr.cz\/jizni-morava-raj-pro-cyklisty-i-milovniky-vina\/","datePublished":"2019-10-26","dateModified":"2024-03-20","mainEntityOfPage":"https:\/\/www.reccr.cz\/jizni-morava-raj-pro-cyklisty-i-milovniky-vina\/","author":{"@type":"Person","@id":"https:\/\/www.reccr.cz\/author\/#Person","name":"","url":"https:\/\/www.reccr.cz\/author\/","identifier":1,"image":{"@type":"ImageObject","@id":"https:\/\/secure.gravatar.com\/avatar\/f7b3e8bb7f7cc0c6ca940e74a10b952be4c7d81de8a980387c865f88889f02e3?s=96&d=mm&r=g","url":"https:\/\/secure.gravatar.com\/avatar\/f7b3e8bb7f7cc0c6ca940e74a10b952be4c7d81de8a980387c865f88889f02e3?s=96&d=mm&r=g","height":96,"width":96}},"publisher":{"@type":"Organization","name":"reccr.cz","logo":{"@type":"ImageObject","@id":"\/logo.png","url":"\/logo.png","width":600,"height":60}},"image":{"@type":"ImageObject","@id":"https:\/\/www.reccr.cz\/wp-content\/uploads\/img_a366232_w1906_t1578911455.jpg","url":"https:\/\/www.reccr.cz\/wp-content\/uploads\/img_a366232_w1906_t1578911455.jpg","height":0,"width":0},"wordCount":549,"keywords":null}]},{"@context":"https:\/\/schema.org","@type":"WebSite","@id":"https:\/\/www.reccr.cz\/#website","name":"Reccr","url":"https:\/\/www.reccr.cz","potentialAction":{"@type":"SearchAction","target":"https:\/\/www.reccr.cz\/?s={search_term_string}","query-input":"required name=search_term_string"}}]