[{"@context":"https:\/\/schema.org\/","@type":"Article","@id":"https:\/\/www.reccr.cz\/nezapomente-na-to-hlavni\/#Article","mainEntityOfPage":"https:\/\/www.reccr.cz\/nezapomente-na-to-hlavni\/","headline":"Nezapome\u0148te na to hlavn\u00ed","name":"Nezapome\u0148te na to hlavn\u00ed","description":"\u017d\u00e1dost o ruku prob\u011bhla bez probl\u00e9mu a je jasn\u00e9, \u017ee te\u010f mus\u00ed p\u0159ij\u00edt to nejd\u016fle\u017eit\u011bj\u0161\u00ed a to je svatba. Tento den je velice d\u016fle\u017eit\u00fd jak pro nev\u011bstu, tak pro \u017eenicha&hellip;<a href=\"https:\/\/www.reccr.cz\/nezapomente-na-to-hlavni\/\" class=\"more-link\"><span class=\"more-button\">P\u0159e\u010d\u00edst<span class=\"screen-reader-text\">Nezapome\u0148te na to hlavn\u00ed<\/span><\/span><\/a>","datePublished":"2023-07-25","dateModified":"2023-07-25","author":{"@type":"Person","@id":"https:\/\/www.reccr.cz\/author\/#Person","name":"","url":"https:\/\/www.reccr.cz\/author\/","identifier":1,"image":{"@type":"ImageObject","@id":"https:\/\/secure.gravatar.com\/avatar\/f7b3e8bb7f7cc0c6ca940e74a10b952be4c7d81de8a980387c865f88889f02e3?s=96&d=mm&r=g","url":"https:\/\/secure.gravatar.com\/avatar\/f7b3e8bb7f7cc0c6ca940e74a10b952be4c7d81de8a980387c865f88889f02e3?s=96&d=mm&r=g","height":96,"width":96}},"publisher":{"@type":"Organization","name":"reccr.cz","logo":{"@type":"ImageObject","@id":"\/logo.png","url":"\/logo.png","width":600,"height":60}},"url":"https:\/\/www.reccr.cz\/nezapomente-na-to-hlavni\/","wordCount":252,"articleBody":"\u017d\u00e1dost o ruku prob\u011bhla bez probl\u00e9mu a je jasn\u00e9, \u017ee te\u010f mus\u00ed p\u0159ij\u00edt to nejd\u016fle\u017eit\u011bj\u0161\u00ed a to je svatba. Tento den je velice d\u016fle\u017eit\u00fd jak pro nev\u011bstu, tak pro \u017eenicha a n\u011bkter\u00e9 \u017eeny si tento den vysnily u\u017e d\u00e1vno p\u0159edt\u00edm ve sv\u00fdch p\u0159edstav\u00e1ch, tak\u017ee by m\u011bl b\u00fdt dokonal\u00fd. Nikdo, kdo je pro oba dva d\u016fle\u017eit\u00fd, by tam nem\u011bl chyb\u011bt. Svatebn\u00ed ozn\u00e1men\u00ed se mus\u00ed rozeslat zav\u010das a m\u011blo by b\u00fdt v\u00fdsti\u017en\u00e9 pro budouc\u00ed man\u017eele. Koukn\u011bte se na na\u0161i webovou str\u00e1nku, kde v na\u0161em katalogu uvid\u00edte spousty n\u00e1dhern\u00fdch, origin\u00e1ln\u00edch n\u00e1pad\u016f a barevn\u00fdch kombinac\u00ed, ze kter\u00fdch si ur\u010dit\u011b jednu vyberete.\tV\u0161e z pohodl\u00ed domovaV dne\u0161n\u00ed dob\u011b internetu u\u017e nemus\u00edte nikam chodit a slo\u017eit\u011b v\u0161echno za\u0159izovat. Proto i my m\u00e1me webov\u00e9 str\u00e1nky, kde se m\u016f\u017eete online na v\u0161echno pod\u00edvat. Nen\u00ed nic jednodu\u0161\u0161\u00edho, ne\u017e si doma v klidu d\u00e1t \u010daj nebo kafe a sednout si s p\u0159\u00edtelem k po\u010d\u00edta\u010di a celou z\u00e1le\u017eitost rychle a pohodln\u011b vy\u0159e\u0161it. Cht\u011bli byste n\u011bco decentn\u00edho s romantick\u00fdmi barvami? Nebo s\u00e1hnete sp\u00ed\u0161e po extravagantn\u00edch variant\u00e1ch? A\u0165 u\u017e je Va\u0161e volba jak\u00e1koliv, u n\u00e1s ji najdete.                                                                                                                                                                                                                                                                                                                                                                                        4.1\/5 - (9 votes)        "},{"@context":"https:\/\/schema.org\/","@type":"BreadcrumbList","itemListElement":[{"@type":"ListItem","position":1,"name":"Nezapome\u0148te na to hlavn\u00ed","item":"https:\/\/www.reccr.cz\/nezapomente-na-to-hlavni\/#breadcrumbitem"}]}]