[{"@context":"https:\/\/schema.org\/","@type":"Article","@id":"https:\/\/www.reccr.cz\/mate-radi-sefa\/#Article","mainEntityOfPage":"https:\/\/www.reccr.cz\/mate-radi-sefa\/","headline":"M\u00e1te r\u00e1di \u201e\u0161\u00e9fa\u201c?","name":"M\u00e1te r\u00e1di \u201e\u0161\u00e9fa\u201c?","description":"S ubytov\u00e1n\u00edm Kol\u00edn pozn\u00e1te jeho dokonal\u00e9 kucha\u0159sk\u00e9 um\u011bn\u00ed! S radost\u00ed V\u00e1m oznamujeme, \u017ee k n\u00e1m zav\u00edt\u00e1 jeden z nejlep\u0161\u00edch kucha\u0159\u016f v \u010cesk\u00e9 republice, aby V\u00e1m p\u0159edstavil sv\u00e9 lahodn\u00e9 degusta\u010dn\u00ed menu.&hellip;<a href=\"https:\/\/www.reccr.cz\/mate-radi-sefa\/\" class=\"more-link\"><span class=\"more-button\">P\u0159e\u010d\u00edst<span class=\"screen-reader-text\">M\u00e1te r\u00e1di \u201e\u0161\u00e9fa\u201c?<\/span><\/span><\/a>","datePublished":"2025-01-08","dateModified":"2025-01-08","author":{"@type":"Person","@id":"https:\/\/www.reccr.cz\/author\/#Person","name":"","url":"https:\/\/www.reccr.cz\/author\/","identifier":1,"image":{"@type":"ImageObject","@id":"https:\/\/secure.gravatar.com\/avatar\/f7b3e8bb7f7cc0c6ca940e74a10b952be4c7d81de8a980387c865f88889f02e3?s=96&d=mm&r=g","url":"https:\/\/secure.gravatar.com\/avatar\/f7b3e8bb7f7cc0c6ca940e74a10b952be4c7d81de8a980387c865f88889f02e3?s=96&d=mm&r=g","height":96,"width":96}},"publisher":{"@type":"Organization","name":"reccr.cz","logo":{"@type":"ImageObject","@id":"\/logo.png","url":"\/logo.png","width":600,"height":60}},"url":"https:\/\/www.reccr.cz\/mate-radi-sefa\/","wordCount":171,"articleBody":"S ubytov\u00e1n\u00edm Kol\u00edn pozn\u00e1te jeho dokonal\u00e9 kucha\u0159sk\u00e9 um\u011bn\u00ed! S radost\u00ed V\u00e1m oznamujeme, \u017ee k n\u00e1m zav\u00edt\u00e1 jeden z nejlep\u0161\u00edch kucha\u0159\u016f v \u010cesk\u00e9 republice, aby V\u00e1m p\u0159edstavil sv\u00e9 lahodn\u00e9 degusta\u010dn\u00ed menu. To v\u0161e se bude d\u00edt v lednu v are\u00e1lu vigvam. Skv\u011bl\u00e1 chu\u0165 j\u00eddel bude podpo\u0159ena p\u0159\u00edjemnou atmosf\u00e9rou na\u0161\u00ed restaurace i p\u0159ilehl\u00e9ho okol\u00ed. Budete to skv\u011bl\u00e1 akce, proto si na ni zajist\u011bte brzkou rezrvaci! P\u0159\u00edjemn\u00e9 a \u00fatuln\u00e9 pokoj\u00ed\u010dky Jeden den v na\u0161em rezortu nesta\u010d\u00ed k jeho dokonal\u00e9mu pozn\u00e1n\u00ed, proto si u n\u00e1s pronajm\u011bte pokoje na jeden i v\u00edce dn\u00ed! Nab\u00edz\u00edme kr\u00e1sn\u00e9 a \u00fatuln\u00e9 m\u00edstnosti se dv\u011bma nebo t\u0159emi l\u016f\u017eky. Ka\u017ed\u00fd pokoj m\u00e1 vlastn\u00ed soci\u00e1ln\u00ed za\u0159\u00edzen\u00ed. Nechyb\u00ed v n\u011bm ani televize ani p\u0159ipojen\u00ed k internetu WIFI. Va\u0161e p\u0159edstavy spln\u00edme do posledn\u00edho detailu.                                                                                                                                                                                                                                                                                                                                                                                        5\/5 - (1 vote)        "},{"@context":"https:\/\/schema.org\/","@type":"BreadcrumbList","itemListElement":[{"@type":"ListItem","position":1,"name":"M\u00e1te r\u00e1di \u201e\u0161\u00e9fa\u201c?","item":"https:\/\/www.reccr.cz\/mate-radi-sefa\/#breadcrumbitem"}]}]