[{"@context":"https:\/\/schema.org\/","@type":"Article","@id":"https:\/\/www.reccr.cz\/mame-v-praci-hrdinu\/#Article","mainEntityOfPage":"https:\/\/www.reccr.cz\/mame-v-praci-hrdinu\/","headline":"M\u00e1me v pr\u00e1ci hrdinu","name":"M\u00e1me v pr\u00e1ci hrdinu","description":"M\u00f4j kolega z pr\u00e1ce bol odjak\u017eiva ve\u013ek\u00fd \u0161portovec. Ka\u017ed\u00fd ve\u010der chod\u00ed pravidelne beha\u0165 so svojou priate\u013ekou, ve\u013ea jazd\u00ed na bicykli a v zime zase vyr\u00e1\u017ea na be\u017eky. V minulom roku&hellip;<a href=\"https:\/\/www.reccr.cz\/mame-v-praci-hrdinu\/\" class=\"more-link\"><span class=\"more-button\">P\u0159e\u010d\u00edst<span class=\"screen-reader-text\">M\u00e1me v pr\u00e1ci hrdinu<\/span><\/span><\/a>","datePublished":"2025-01-24","dateModified":"2025-01-24","author":{"@type":"Person","@id":"https:\/\/www.reccr.cz\/author\/#Person","name":"","url":"https:\/\/www.reccr.cz\/author\/","identifier":1,"image":{"@type":"ImageObject","@id":"https:\/\/secure.gravatar.com\/avatar\/f7b3e8bb7f7cc0c6ca940e74a10b952be4c7d81de8a980387c865f88889f02e3?s=96&d=mm&r=g","url":"https:\/\/secure.gravatar.com\/avatar\/f7b3e8bb7f7cc0c6ca940e74a10b952be4c7d81de8a980387c865f88889f02e3?s=96&d=mm&r=g","height":96,"width":96}},"publisher":{"@type":"Organization","name":"reccr.cz","logo":{"@type":"ImageObject","@id":"\/logo.png","url":"\/logo.png","width":600,"height":60}},"url":"https:\/\/www.reccr.cz\/mame-v-praci-hrdinu\/","wordCount":158,"articleBody":"M\u00f4j kolega z pr\u00e1ce bol odjak\u017eiva ve\u013ek\u00fd \u0161portovec. Ka\u017ed\u00fd ve\u010der chod\u00ed pravidelne beha\u0165 so svojou priate\u013ekou, ve\u013ea jazd\u00ed na bicykli a v zime zase vyr\u00e1\u017ea na be\u017eky. V minulom roku takto bol a\u017e vo F\u00ednsku s partiou kamar\u00e1tov. Dokonca sa z\u00fa\u010dastnil u n\u00e1s celkom zn\u00e1meho z\u00e1vodu Jizersk\u00e1 p\u00e4\u0165desiatka. S\u00edce ju nevyhral, ale napriek tomu sa celkom slu\u0161ne umiestnil. Do pr\u00e1ce ale samozrejme nechod\u00ed v \u0161portovom, ale nos\u00ed ko\u0161e\u013eu a oblek s kravatou. Pri rokovan\u00ed s klientom mus\u00ed p\u00f4sobi\u0165 profesion\u00e1lne. M\u00f3da pre \u0161port i vo\u013en\u00fd \u010das Ale ke\u010f m\u00e1 vo\u013eno m\u00e1 na sebe v\u00e4\u010d\u0161inou cyklistick\u00fd dres alebo in\u00fd typ \u0161portov\u00e9ho oble\u010denia. \u010casto nakupuje v obchodoch ako je craft, kde n\u00e1jde \u0161irok\u00fa ponuku funk\u010dnej bielizne a \u010fal\u0161ieho oble\u010denia. Ako be\u017eec predsa mus\u00ed vyzera\u0165.                                                                                                                                                                                                                                                                                                                                                                                        3\/5 - (3 votes)        "},{"@context":"https:\/\/schema.org\/","@type":"BreadcrumbList","itemListElement":[{"@type":"ListItem","position":1,"name":"M\u00e1me v pr\u00e1ci hrdinu","item":"https:\/\/www.reccr.cz\/mame-v-praci-hrdinu\/#breadcrumbitem"}]}]