[{"@context":"https:\/\/schema.org\/","@type":"Article","@id":"https:\/\/www.reccr.cz\/kdyz-chcete-byt-samostatna\/#Article","mainEntityOfPage":"https:\/\/www.reccr.cz\/kdyz-chcete-byt-samostatna\/","headline":"Kdy\u017e chcete b\u00fdt samostatn\u00e1","name":"Kdy\u017e chcete b\u00fdt samostatn\u00e1","description":"Tak\u00e9 jste doposud byla v osobn\u00edm vozidle v\u00fdhradn\u011b jako spolujezdec? Za volantem sed\u00ed v\u00fdhradn\u011b V\u00e1\u0161 man\u017eel? Tak\u00e9 V\u00e1s ji\u017e nebav\u00ed, chcete-li jet nap\u0159\u00edklad nakoupit, \u017ee tuto vyj\u00ed\u017e\u010fku, kterou byste sama&hellip;<a href=\"https:\/\/www.reccr.cz\/kdyz-chcete-byt-samostatna\/\" class=\"more-link\"><span class=\"more-button\">P\u0159e\u010d\u00edst<span class=\"screen-reader-text\">Kdy\u017e chcete b\u00fdt samostatn\u00e1<\/span><\/span><\/a>","datePublished":"2024-11-24","dateModified":"2024-11-24","author":{"@type":"Person","@id":"https:\/\/www.reccr.cz\/author\/#Person","name":"","url":"https:\/\/www.reccr.cz\/author\/","identifier":1,"image":{"@type":"ImageObject","@id":"https:\/\/secure.gravatar.com\/avatar\/f7b3e8bb7f7cc0c6ca940e74a10b952be4c7d81de8a980387c865f88889f02e3?s=96&d=mm&r=g","url":"https:\/\/secure.gravatar.com\/avatar\/f7b3e8bb7f7cc0c6ca940e74a10b952be4c7d81de8a980387c865f88889f02e3?s=96&d=mm&r=g","height":96,"width":96}},"publisher":{"@type":"Organization","name":"reccr.cz","logo":{"@type":"ImageObject","@id":"\/logo.png","url":"\/logo.png","width":600,"height":60}},"url":"https:\/\/www.reccr.cz\/kdyz-chcete-byt-samostatna\/","wordCount":173,"articleBody":"Tak\u00e9 jste doposud byla v osobn\u00edm vozidle v\u00fdhradn\u011b jako spolujezdec? Za volantem sed\u00ed v\u00fdhradn\u011b V\u00e1\u0161 man\u017eel? Tak\u00e9 V\u00e1s ji\u017e nebav\u00ed, chcete-li jet nap\u0159\u00edklad nakoupit, \u017ee tuto vyj\u00ed\u017e\u010fku, kterou byste sama zvl\u00e1dla b\u011bhem p\u016fl hodiny, mus\u00edte pojmout jako rodinn\u00fd v\u00fdlet? Chcete vyrazit s nevychovan\u00fdm pejskem za m\u011bsto, ani\u017e byste byla odk\u00e1z\u00e1na na MHD a cesta tak byla vykoupena stresem a nervozitou? Nen\u00ed nic jednodu\u0161\u0161\u00edho, ne\u017e opr\u00e1\u0161it sv\u00e9 \u0159idi\u010dsk\u00e9 dovednosti.Vyu\u017eijte sv\u00e9 mo\u017enostiVlastn\u00edte-li ji\u017e \u0159idi\u010dsk\u00e9 opr\u00e1vn\u011bn\u00ed, jen jste dosud ne\u0159\u00eddila, nen\u00ed nic lep\u0161\u00edho ne\u017e vyu\u017e\u00edt na\u0161ich kondi\u010dn\u00edch j\u00edzd. I to je jedna ze slu\u017eeb, kter\u00e9 na\u0161e auto\u0161kola Praha nab\u00edz\u00ed. Po p\u00e1r j\u00edzd\u00e1ch s na\u0161\u00edm instruktorem se nebudete b\u00e1t ani v m\u011bstsk\u00e9m provozu, nebude V\u00e1m \u010dinit obt\u00ed\u017ee j\u00edzda ve tm\u011b \u010di v nep\u0159\u00edzniv\u00e9m po\u010das\u00ed.                                                                                                                                                                                                                                                                                                                                                                                        4\/5 - (6 votes)        "},{"@context":"https:\/\/schema.org\/","@type":"BreadcrumbList","itemListElement":[{"@type":"ListItem","position":1,"name":"Kdy\u017e chcete b\u00fdt samostatn\u00e1","item":"https:\/\/www.reccr.cz\/kdyz-chcete-byt-samostatna\/#breadcrumbitem"}]}]