[{"@context":"https:\/\/schema.org\/","@type":"Article","@id":"https:\/\/www.reccr.cz\/giovinazzi-by-rad-usedl-vedle-leclerca-ve-ferrari\/#Article","mainEntityOfPage":"https:\/\/www.reccr.cz\/giovinazzi-by-rad-usedl-vedle-leclerca-ve-ferrari\/","headline":"Giovinazzi by r\u00e1d usedl vedle Leclerca ve Ferrari.","name":"Giovinazzi by r\u00e1d usedl vedle Leclerca ve Ferrari.","description":"Italsk\u00fd rod\u00e1k, Antonio Giovinazzi, za\u010dal z\u00e1vodit na motok\u00e1r\u00e1ch v roce 2000. O p\u011bt let pozd\u011bji se stal finalistou mistrovstv\u00ed Evropy FIA Formule 3, ve kter\u00e9m skon\u010dil na t\u0159et\u00edm m\u00edst\u011b. Roku&hellip;<a href=\"https:\/\/www.reccr.cz\/giovinazzi-by-rad-usedl-vedle-leclerca-ve-ferrari\/\" class=\"more-link\"><span class=\"more-button\">P\u0159e\u010d\u00edst<span class=\"screen-reader-text\">Giovinazzi by r\u00e1d usedl vedle Leclerca ve Ferrari.<\/span><\/span><\/a>","datePublished":"2020-02-12","dateModified":"2023-05-29","author":{"@type":"Person","@id":"https:\/\/www.reccr.cz\/author\/#Person","name":"","url":"https:\/\/www.reccr.cz\/author\/","identifier":1,"image":{"@type":"ImageObject","@id":"https:\/\/secure.gravatar.com\/avatar\/f7b3e8bb7f7cc0c6ca940e74a10b952be4c7d81de8a980387c865f88889f02e3?s=96&d=mm&r=g","url":"https:\/\/secure.gravatar.com\/avatar\/f7b3e8bb7f7cc0c6ca940e74a10b952be4c7d81de8a980387c865f88889f02e3?s=96&d=mm&r=g","height":96,"width":96}},"publisher":{"@type":"Organization","name":"reccr.cz","logo":{"@type":"ImageObject","@id":"\/logo.png","url":"\/logo.png","width":600,"height":60}},"image":{"@type":"ImageObject","@id":"https:\/\/www.reccr.cz\/wp-content\/uploads\/img_a370402_w3373_t1582090989.jpg","url":"https:\/\/www.reccr.cz\/wp-content\/uploads\/img_a370402_w3373_t1582090989.jpg","height":0,"width":0},"url":"https:\/\/www.reccr.cz\/giovinazzi-by-rad-usedl-vedle-leclerca-ve-ferrari\/","about":["Auto moto"],"wordCount":394,"articleBody":"Italsk\u00fd rod\u00e1k, Antonio Giovinazzi, za\u010dal z\u00e1vodit na motok\u00e1r\u00e1ch v roce 2000. O p\u011bt let pozd\u011bji se stal finalistou mistrovstv\u00ed Evropy FIA Formule 3, ve kter\u00e9m skon\u010dil na t\u0159et\u00edm m\u00edst\u011b. Roku 2016 si vybojoval druh\u00e9 m\u00edsto v s\u00e9rii GP2. Pro sez\u00f3nu 2017 byl pov\u00fd\u0161en do pozice rezervn\u00edho jezdce Ferrari. Od p\u016flky sez\u00f3ny p\u016fsobil jako testovac\u00ed jezdec pro t\u00fdm Haas.  2017 dostal p\u0159\u00edle\u017eitost v Sauberu pro \u00favodn\u00ed z\u00e1vody &#8211; Austr\u00e1lii a \u010c\u00ednu. Nahradil tehdej\u0161\u00edho jezdce Pascala Wehrleina, kter\u00e9mu po nehod\u011b nebyl povolen start. Antonio skon\u010dil na 12. m\u00edst\u011b a v \u010c\u00edn\u011b nedokon\u010dil. V roce 2018 se na z\u00e1vodn\u00ed tra\u0165 dostal z\u0159\u00eddka. P\u016fsobil jako testovac\u00ed jezdec pro Sauber a n\u011bkolikr\u00e1t nastoupil b\u011bhem p\u00e1te\u010dn\u00edch tr\u00e9nink\u016f. Sez\u00f3na 2019 byla pro Giovinazziho veselej\u0161\u00ed. Stal se z\u00e1vodn\u00edm jezdcem pro t\u00fdm Alfa Romeo, tehdej\u0161\u00ed Sauber, a usedl vedle mistra sv\u011bta Kimiho R\u00e4ikk\u00f6nena. Sv\u016fj prvn\u00ed bod z\u00edskal a\u017e pri Velk\u00e9 cen\u011b Rakouska. P\u0159i Velk\u00e9 cen\u011b Braz\u00edlie si vyjel nejlep\u0161\u00ed um\u00edst\u011bn\u00ed kari\u00e9ry &#8211; po penalizaci Lewise Hamiltona z\u00edskal p\u00e1t\u00e9 m\u00edsto. V celkov\u00e9m po\u0159ad\u00ed \u0161ampion\u00e1tu jezdc\u016f skon\u010dil na 17. m\u00edst\u011b. Na sv\u00e9 dobr\u00e9 v\u00fdsledky, z druh\u00e9 poloviny lo\u0148sk\u00e9 sez\u00f3ny, by r\u00e1d nav\u00e1zal v roce 2020. Antonio v\u011b\u0159\u00ed, \u017ee by mohl zap\u016fsobit na Maranello, kter\u00e9 si mlad\u00edka dr\u017e\u00ed u Alfy Romeo. Ze Sauberu do Ferrari pov\u00fd\u0161il ji\u017e Charles Leclerc, kter\u00fd podepsal s rud\u00fdmi a\u017e do roku 2024.  V rozhovoru pro La Gazzetta dello Sport uvedl: &#8222;Lhal bych, kdybych \u0159ekl, \u017ee nesn\u00edm o budoucnosti ve Ferrari. V\u00edm, \u017ee pokud se budu soust\u0159edit a budu v roce 2020 dobr\u00fd, mohu m\u00edt v t\u00fdmu \u0161anci. S Charlesem m\u00e1m skv\u011bl\u00fd vztah, bav\u00edme se spolu a rozum\u00edme si. Letos bych r\u00e1d porazil Kimiho R\u00e4ikk\u00f6nena, ale mou nejv\u011bt\u0161\u00ed prioritou bude zlep\u0161ovat sv\u00e9 slab\u00e9 str\u00e1nky a dosahovat nejlep\u0161\u00edch v\u00fdsledk\u016f.&#8220;  Ferrariby s Giovinazzim mohlo obsadit seda\u010dku italsk\u00fdm pilotem po dlouh\u00fdch 11 letech. V roce 2009 usedl za rud\u00e9 Giancarlo Fisichella, kter\u00fd vyst\u0159\u00eddal zran\u011bn\u00e9ho brazilce Felipeho Massu. Ital Fisichella si tak splnil n\u011bkolikalet\u00fd sen.                                                                                                                                                                                                                                                                                                                                                                                        4.2\/5 - (9 votes)        "},{"@context":"https:\/\/schema.org\/","@type":"BreadcrumbList","itemListElement":[{"@type":"ListItem","position":1,"name":"Giovinazzi by r\u00e1d usedl vedle Leclerca ve Ferrari.","item":"https:\/\/www.reccr.cz\/giovinazzi-by-rad-usedl-vedle-leclerca-ve-ferrari\/#breadcrumbitem"}]}]