[{"@context":"https:\/\/schema.org\/","@type":"Article","@id":"https:\/\/www.reccr.cz\/co-vse-je-nutne-vzit-v-uvahu-kdyz-se-porada-oslava-narozenin\/#Article","mainEntityOfPage":"https:\/\/www.reccr.cz\/co-vse-je-nutne-vzit-v-uvahu-kdyz-se-porada-oslava-narozenin\/","headline":"Co v\u0161e je nutn\u00e9 vz\u00edt v \u00favahu, kdy\u017e se po\u0159\u00e1d\u00e1 oslava narozenin","name":"Co v\u0161e je nutn\u00e9 vz\u00edt v \u00favahu, kdy\u017e se po\u0159\u00e1d\u00e1 oslava narozenin","description":"Je pochopiteln\u00e9, \u017ee chceme sv\u00fdm mil\u00fdm d\u00e1t najevo, jak moc je m\u00e1me r\u00e1di. A jak\u00e1 lep\u0161\u00ed p\u0159\u00edle\u017eitost se nab\u00edz\u00ed, ne\u017e narozeniny? Zde m\u00e1me nejen mo\u017enost d\u00e1t mu personalizovan\u00e9 d\u00e1rky, o&hellip;<a href=\"https:\/\/www.reccr.cz\/co-vse-je-nutne-vzit-v-uvahu-kdyz-se-porada-oslava-narozenin\/\" class=\"more-link\"><span class=\"more-button\">P\u0159e\u010d\u00edst<span class=\"screen-reader-text\">Co v\u0161e je nutn\u00e9 vz\u00edt v \u00favahu, kdy\u017e se po\u0159\u00e1d\u00e1 oslava narozenin<\/span><\/span><\/a>","datePublished":"2021-05-15","dateModified":"2023-05-29","author":{"@type":"Person","@id":"https:\/\/www.reccr.cz\/author\/#Person","name":"","url":"https:\/\/www.reccr.cz\/author\/","identifier":1,"image":{"@type":"ImageObject","@id":"https:\/\/secure.gravatar.com\/avatar\/f7b3e8bb7f7cc0c6ca940e74a10b952be4c7d81de8a980387c865f88889f02e3?s=96&d=mm&r=g","url":"https:\/\/secure.gravatar.com\/avatar\/f7b3e8bb7f7cc0c6ca940e74a10b952be4c7d81de8a980387c865f88889f02e3?s=96&d=mm&r=g","height":96,"width":96}},"publisher":{"@type":"Organization","name":"reccr.cz","logo":{"@type":"ImageObject","@id":"\/logo.png","url":"\/logo.png","width":600,"height":60}},"image":{"@type":"ImageObject","@id":"https:\/\/www.reccr.cz\/wp-content\/uploads\/darek2_1.jpg","url":"https:\/\/www.reccr.cz\/wp-content\/uploads\/darek2_1.jpg","height":0,"width":0},"url":"https:\/\/www.reccr.cz\/co-vse-je-nutne-vzit-v-uvahu-kdyz-se-porada-oslava-narozenin\/","about":["Nakupov\u00e1n\u00ed"],"wordCount":440,"articleBody":"   Je pochopiteln\u00e9, \u017ee chceme sv\u00fdm mil\u00fdm d\u00e1t najevo, jak moc je m\u00e1me r\u00e1di. A jak\u00e1 lep\u0161\u00ed p\u0159\u00edle\u017eitost se nab\u00edz\u00ed, ne\u017e narozeniny? Zde m\u00e1me nejen mo\u017enost d\u00e1t mu personalizovan\u00e9 d\u00e1rky, o kter\u00fdch v\u00edme, \u017ee se mu budou l\u00edbit, ale tak\u00e9 uspo\u0159\u00e1dat takovou oslavu, na kter\u00e9 se bude bavit a na kterou nezapomene.To v\u0161e zn\u00ed dob\u0159e, av\u0161ak nen\u00ed to tak jednoduch\u00e9, jak se na prvn\u00ed pohled zd\u00e1. V prvn\u00ed \u0159ad\u011b toti\u017e mus\u00edte doty\u010dn\u00e9ho oslavence velmi dob\u0159e zn\u00e1t. A to nejen jeho z\u00e1jmy, ale i jeho povahu. Mus\u00edte v\u011bd\u011bt, co mu skute\u010dn\u011b ud\u011bl\u00e1 radost, jinak jej oslava narozenin https:\/\/www.vaskouzelnik.cz\/oslava-narozenin bude sp\u00ed\u0161e nudit. D\u016fle\u017eit\u00e9 je to zvl\u00e1\u0161t\u011b u d\u011bt\u00ed, kter\u00e9 se na ni \u010dasto ji\u017e velmi dlouho t\u011b\u0161\u00ed, a h\u016f\u0159e pak sn\u00e1\u0161\u00ed zklam\u00e1n\u00ed.Z\u00e1kladem je vypracovat seznam host\u016f. Bude dan\u00fd \u010dlov\u011bk nejrad\u011bji, kdy\u017e tam bude jen p\u00e1r nejbli\u017e\u0161\u00edch p\u0159\u00edbuzn\u00fdch a p\u0159\u00e1tel, nebo v\u00edce ocen\u00ed oslavu, kde bude hodn\u011b lid\u00ed? To je probl\u00e9m p\u0159edev\u0161\u00edm u rodi\u010d\u016f, kte\u0159\u00ed maj\u00ed sklon pozvat nap\u0159\u00edklad celou t\u0159\u00eddu sv\u00e9ho potomka, bez ohledu na to, zda si ten s ostatn\u00edmi skute\u010dn\u011b rozum\u00ed, nebo naopak, ud\u011blat jen malou oslavu, kdy\u017e by si d\u00edt\u011b p\u0159\u00e1lo skute\u010dnou party.To v\u0161ak neplat\u00ed jen o d\u011btech, ale i o dosp\u011bl\u00fdch. I ti, a\u010dkoliv to jen m\u00e1lokdo p\u0159izn\u00e1v\u00e1, jsou r\u00e1di, kdy\u017e se na jejich narozeniny nezapomene, a kdy\u017e se oslav\u00ed. I zde je v\u0161ak pot\u0159eba m\u00edt na pam\u011bti, co by si vlastn\u011b obdarovan\u00fd p\u0159\u00e1l, aby se nec\u00edtil \u0161patn\u011b.\u010casto se toti\u017e m\u016f\u017ee st\u00e1t, \u017ee introvertn\u00ed \u010dlov\u011bk na vlastn\u00ed oslav\u011b sed\u00ed s\u00e1m v koutku, zat\u00edmco ostatn\u00ed se bav\u00ed. A \u017ee to rozhodn\u011b nen\u00ed ide\u00e1ln\u00ed, asi nen\u00ed t\u0159eba \u0159\u00edkat. A naopak, extrovert se m\u016f\u017ee na mal\u00e9 rodinn\u00e9 oslav\u011b snadno nudit.D\u00e1le je t\u0159eba tak\u00e9 uv\u00e1\u017eit, jak\u00fd druh z\u00e1bavy by mu ud\u011blal radost. Co by jej bavilo? A zde mus\u00edme m\u00edt na pam\u011bti, \u017ee to mus\u00ed bavit p\u0159edev\u0161\u00edm oslavence, nikoliv hosty, by\u0165 by jich byla v\u011bt\u0161ina. Jen tak si dan\u00fd \u010dlov\u011bk tuto sl\u00e1vu skute\u010dn\u011b u\u017eije. A to je to nejd\u016fle\u017eit\u011bj\u0161\u00ed \u2013 koneckonc\u016f, o n\u011bj by tu m\u011blo j\u00edt p\u0159edev\u0161\u00edm.                                                                                                                                                                                                                                                                                                                                                                                          4.4\/5 - (9 votes)        "},{"@context":"https:\/\/schema.org\/","@type":"BreadcrumbList","itemListElement":[{"@type":"ListItem","position":1,"name":"Co v\u0161e je nutn\u00e9 vz\u00edt v \u00favahu, kdy\u017e se po\u0159\u00e1d\u00e1 oslava narozenin","item":"https:\/\/www.reccr.cz\/co-vse-je-nutne-vzit-v-uvahu-kdyz-se-porada-oslava-narozenin\/#breadcrumbitem"}]}]